{"id":1105,"date":"2022-11-17T18:06:49","date_gmt":"2022-11-17T17:06:49","guid":{"rendered":"https:\/\/schwerhoerige-bamberg.de\/?p=1105"},"modified":"2022-11-17T18:06:49","modified_gmt":"2022-11-17T17:06:49","slug":"tagesfahrt-ins-fraenkische-weinland","status":"publish","type":"post","link":"https:\/\/schwerhoerige-bamberg.de\/?p=1105","title":{"rendered":"Tagesfahrt ins Fr\u00e4nkische Weinland"},"content":{"rendered":"<p style=\"text-align: left;\">Unser Tagesausflug 2022 f\u00fchrte uns am 30. Juli 2022 zun\u00e4chst nach Marktbreit. Bei einer Stadtf\u00fchrung mit FM-Anlage lernten wir den historischen Stadtkern kennen.<\/p>\n<p style=\"text-align: left;\"><img loading=\"lazy\" decoding=\"async\" class=\"alignnone size-medium wp-image-1106\" src=\"https:\/\/schwerhoerige-bamberg.de\/wp-content\/uploads\/2022\/11\/IMG_20220730_105110-225x300.jpg\" alt=\"\" width=\"225\" height=\"300\" srcset=\"https:\/\/schwerhoerige-bamberg.de\/wp-content\/uploads\/2022\/11\/IMG_20220730_105110-225x300.jpg 225w, https:\/\/schwerhoerige-bamberg.de\/wp-content\/uploads\/2022\/11\/IMG_20220730_105110-644x859.jpg 644w, https:\/\/schwerhoerige-bamberg.de\/wp-content\/uploads\/2022\/11\/IMG_20220730_105110-768x1024.jpg 768w, https:\/\/schwerhoerige-bamberg.de\/wp-content\/uploads\/2022\/11\/IMG_20220730_105110-1152x1536.jpg 1152w, https:\/\/schwerhoerige-bamberg.de\/wp-content\/uploads\/2022\/11\/IMG_20220730_105110-1536x2048.jpg 1536w, https:\/\/schwerhoerige-bamberg.de\/wp-content\/uploads\/2022\/11\/IMG_20220730_105110-113x150.jpg 113w, https:\/\/schwerhoerige-bamberg.de\/wp-content\/uploads\/2022\/11\/IMG_20220730_105110-scaled.jpg 1920w\" sizes=\"auto, (max-width: 225px) 100vw, 225px\" \/> \u00a0 <img loading=\"lazy\" decoding=\"async\" class=\"alignnone  wp-image-1107\" src=\"https:\/\/schwerhoerige-bamberg.de\/wp-content\/uploads\/2022\/11\/IMG_20220730_111726-300x225.jpg\" alt=\"\" width=\"395\" height=\"296\" srcset=\"https:\/\/schwerhoerige-bamberg.de\/wp-content\/uploads\/2022\/11\/IMG_20220730_111726-300x225.jpg 300w, https:\/\/schwerhoerige-bamberg.de\/wp-content\/uploads\/2022\/11\/IMG_20220730_111726-644x483.jpg 644w, https:\/\/schwerhoerige-bamberg.de\/wp-content\/uploads\/2022\/11\/IMG_20220730_111726-768x576.jpg 768w, https:\/\/schwerhoerige-bamberg.de\/wp-content\/uploads\/2022\/11\/IMG_20220730_111726-1536x1152.jpg 1536w, https:\/\/schwerhoerige-bamberg.de\/wp-content\/uploads\/2022\/11\/IMG_20220730_111726-2048x1536.jpg 2048w, https:\/\/schwerhoerige-bamberg.de\/wp-content\/uploads\/2022\/11\/IMG_20220730_111726-150x113.jpg 150w\" sizes=\"auto, (max-width: 395px) 100vw, 395px\" \/><\/p>\n<p>In M\u00f6nchsondheim besuchten wir das Kirchenburgmuseum und erfuhren interessante Details vom b\u00e4uerlichen Leben fr\u00fcherer Zeiten.<\/p>\n<p><img loading=\"lazy\" decoding=\"async\" class=\"alignnone size-medium wp-image-1108\" src=\"https:\/\/schwerhoerige-bamberg.de\/wp-content\/uploads\/2022\/11\/IMG_20220730_154142-300x225.jpg\" alt=\"\" width=\"300\" height=\"225\" srcset=\"https:\/\/schwerhoerige-bamberg.de\/wp-content\/uploads\/2022\/11\/IMG_20220730_154142-300x225.jpg 300w, https:\/\/schwerhoerige-bamberg.de\/wp-content\/uploads\/2022\/11\/IMG_20220730_154142-644x483.jpg 644w, https:\/\/schwerhoerige-bamberg.de\/wp-content\/uploads\/2022\/11\/IMG_20220730_154142-768x576.jpg 768w, https:\/\/schwerhoerige-bamberg.de\/wp-content\/uploads\/2022\/11\/IMG_20220730_154142-1536x1152.jpg 1536w, https:\/\/schwerhoerige-bamberg.de\/wp-content\/uploads\/2022\/11\/IMG_20220730_154142-2048x1536.jpg 2048w, https:\/\/schwerhoerige-bamberg.de\/wp-content\/uploads\/2022\/11\/IMG_20220730_154142-150x113.jpg 150w\" sizes=\"auto, (max-width: 300px) 100vw, 300px\" \/> <img loading=\"lazy\" decoding=\"async\" class=\"alignnone size-medium wp-image-1109\" src=\"https:\/\/schwerhoerige-bamberg.de\/wp-content\/uploads\/2022\/11\/IMG_20220730_160949-300x225.jpg\" alt=\"\" width=\"300\" height=\"225\" srcset=\"https:\/\/schwerhoerige-bamberg.de\/wp-content\/uploads\/2022\/11\/IMG_20220730_160949-300x225.jpg 300w, https:\/\/schwerhoerige-bamberg.de\/wp-content\/uploads\/2022\/11\/IMG_20220730_160949-644x483.jpg 644w, https:\/\/schwerhoerige-bamberg.de\/wp-content\/uploads\/2022\/11\/IMG_20220730_160949-768x576.jpg 768w, https:\/\/schwerhoerige-bamberg.de\/wp-content\/uploads\/2022\/11\/IMG_20220730_160949-1536x1152.jpg 1536w, https:\/\/schwerhoerige-bamberg.de\/wp-content\/uploads\/2022\/11\/IMG_20220730_160949-2048x1536.jpg 2048w, https:\/\/schwerhoerige-bamberg.de\/wp-content\/uploads\/2022\/11\/IMG_20220730_160949-150x113.jpg 150w\" sizes=\"auto, (max-width: 300px) 100vw, 300px\" \/><\/p>\n<p>Eine Andacht in Iphofen und ein z\u00fcnftiges gemeinsames Abendessen rundeten das Programm ab.<\/p>\n<p><img loading=\"lazy\" decoding=\"async\" class=\"alignnone size-medium wp-image-1110\" src=\"https:\/\/schwerhoerige-bamberg.de\/wp-content\/uploads\/2022\/11\/IMG_20220730_173344-300x225.jpg\" alt=\"\" width=\"300\" height=\"225\" srcset=\"https:\/\/schwerhoerige-bamberg.de\/wp-content\/uploads\/2022\/11\/IMG_20220730_173344-300x225.jpg 300w, https:\/\/schwerhoerige-bamberg.de\/wp-content\/uploads\/2022\/11\/IMG_20220730_173344-644x483.jpg 644w, https:\/\/schwerhoerige-bamberg.de\/wp-content\/uploads\/2022\/11\/IMG_20220730_173344-768x576.jpg 768w, https:\/\/schwerhoerige-bamberg.de\/wp-content\/uploads\/2022\/11\/IMG_20220730_173344-1536x1152.jpg 1536w, https:\/\/schwerhoerige-bamberg.de\/wp-content\/uploads\/2022\/11\/IMG_20220730_173344-2048x1536.jpg 2048w, https:\/\/schwerhoerige-bamberg.de\/wp-content\/uploads\/2022\/11\/IMG_20220730_173344-150x113.jpg 150w\" sizes=\"auto, (max-width: 300px) 100vw, 300px\" \/>\u00a0 <img loading=\"lazy\" decoding=\"async\" class=\"alignnone size-medium wp-image-1111\" src=\"https:\/\/schwerhoerige-bamberg.de\/wp-content\/uploads\/2022\/11\/IMG_20220730_173354-300x225.jpg\" alt=\"\" width=\"300\" height=\"225\" srcset=\"https:\/\/schwerhoerige-bamberg.de\/wp-content\/uploads\/2022\/11\/IMG_20220730_173354-300x225.jpg 300w, https:\/\/schwerhoerige-bamberg.de\/wp-content\/uploads\/2022\/11\/IMG_20220730_173354-644x483.jpg 644w, https:\/\/schwerhoerige-bamberg.de\/wp-content\/uploads\/2022\/11\/IMG_20220730_173354-768x576.jpg 768w, https:\/\/schwerhoerige-bamberg.de\/wp-content\/uploads\/2022\/11\/IMG_20220730_173354-1536x1152.jpg 1536w, https:\/\/schwerhoerige-bamberg.de\/wp-content\/uploads\/2022\/11\/IMG_20220730_173354-2048x1536.jpg 2048w, https:\/\/schwerhoerige-bamberg.de\/wp-content\/uploads\/2022\/11\/IMG_20220730_173354-150x113.jpg 150w\" sizes=\"auto, (max-width: 300px) 100vw, 300px\" \/><\/p>\n<p>&nbsp;<\/p>\n","protected":false},"excerpt":{"rendered":"<p>Unser Tagesausflug 2022 f\u00fchrte uns am 30. Juli 2022 zun\u00e4chst nach Marktbreit. Bei einer Stadtf\u00fchrung mit FM-Anlage lernten wir den historischen Stadtkern kennen. \u00a0 In M\u00f6nchsondheim besuchten wir das Kirchenburgmuseum und erfuhren interessante Details vom b\u00e4uerlichen Leben fr\u00fcherer Zeiten. Eine Andacht in Iphofen und ein z\u00fcnftiges gemeinsames Abendessen rundeten das Programm ab. \u00a0 &nbsp;<\/p>\n<p> <a class=\"continue-reading-link\" href=\"https:\/\/schwerhoerige-bamberg.de\/?p=1105\"><span>weiterlesen &#8230;<\/span><i class=\"crycon-right-dir\"><\/i><\/a> <\/p>\n","protected":false},"author":2,"featured_media":0,"comment_status":"closed","ping_status":"closed","sticky":false,"template":"","format":"standard","meta":{"footnotes":""},"categories":[21],"tags":[],"class_list":["post-1105","post","type-post","status-publish","format-standard","hentry","category-tagesfahrten"],"_links":{"self":[{"href":"https:\/\/schwerhoerige-bamberg.de\/index.php?rest_route=\/wp\/v2\/posts\/1105","targetHints":{"allow":["GET"]}}],"collection":[{"href":"https:\/\/schwerhoerige-bamberg.de\/index.php?rest_route=\/wp\/v2\/posts"}],"about":[{"href":"https:\/\/schwerhoerige-bamberg.de\/index.php?rest_route=\/wp\/v2\/types\/post"}],"author":[{"embeddable":true,"href":"https:\/\/schwerhoerige-bamberg.de\/index.php?rest_route=\/wp\/v2\/users\/2"}],"replies":[{"embeddable":true,"href":"https:\/\/schwerhoerige-bamberg.de\/index.php?rest_route=%2Fwp%2Fv2%2Fcomments&post=1105"}],"version-history":[{"count":1,"href":"https:\/\/schwerhoerige-bamberg.de\/index.php?rest_route=\/wp\/v2\/posts\/1105\/revisions"}],"predecessor-version":[{"id":1112,"href":"https:\/\/schwerhoerige-bamberg.de\/index.php?rest_route=\/wp\/v2\/posts\/1105\/revisions\/1112"}],"wp:attachment":[{"href":"https:\/\/schwerhoerige-bamberg.de\/index.php?rest_route=%2Fwp%2Fv2%2Fmedia&parent=1105"}],"wp:term":[{"taxonomy":"category","embeddable":true,"href":"https:\/\/schwerhoerige-bamberg.de\/index.php?rest_route=%2Fwp%2Fv2%2Fcategories&post=1105"},{"taxonomy":"post_tag","embeddable":true,"href":"https:\/\/schwerhoerige-bamberg.de\/index.php?rest_route=%2Fwp%2Fv2%2Ftags&post=1105"}],"curies":[{"name":"wp","href":"https:\/\/api.w.org\/{rel}","templated":true}]}}