{"id":1230,"date":"2024-04-25T14:49:08","date_gmt":"2024-04-25T12:49:08","guid":{"rendered":"https:\/\/schwerhoerige-bamberg.de\/?p=1230"},"modified":"2024-04-25T14:49:08","modified_gmt":"2024-04-25T12:49:08","slug":"erste-hilfe-kurs-mit-induktiver-hoeranlage","status":"publish","type":"post","link":"https:\/\/schwerhoerige-bamberg.de\/?p=1230","title":{"rendered":"Erste-Hilfe-Kurs mit Induktiver H\u00f6ranlage"},"content":{"rendered":"<p><img loading=\"lazy\" decoding=\"async\" class=\"alignnone size-medium wp-image-1231\" src=\"https:\/\/schwerhoerige-bamberg.de\/wp-content\/uploads\/2024\/04\/PXL_20240424_143418059.MP_-226x300.jpg\" alt=\"\" width=\"226\" height=\"300\" srcset=\"https:\/\/schwerhoerige-bamberg.de\/wp-content\/uploads\/2024\/04\/PXL_20240424_143418059.MP_-226x300.jpg 226w, https:\/\/schwerhoerige-bamberg.de\/wp-content\/uploads\/2024\/04\/PXL_20240424_143418059.MP_-644x855.jpg 644w, https:\/\/schwerhoerige-bamberg.de\/wp-content\/uploads\/2024\/04\/PXL_20240424_143418059.MP_-768x1020.jpg 768w, https:\/\/schwerhoerige-bamberg.de\/wp-content\/uploads\/2024\/04\/PXL_20240424_143418059.MP_-1157x1536.jpg 1157w, https:\/\/schwerhoerige-bamberg.de\/wp-content\/uploads\/2024\/04\/PXL_20240424_143418059.MP_-1542x2048.jpg 1542w, https:\/\/schwerhoerige-bamberg.de\/wp-content\/uploads\/2024\/04\/PXL_20240424_143418059.MP_-113x150.jpg 113w, https:\/\/schwerhoerige-bamberg.de\/wp-content\/uploads\/2024\/04\/PXL_20240424_143418059.MP_-scaled.jpg 1928w\" sizes=\"auto, (max-width: 226px) 100vw, 226px\" \/>\u00a0 <img loading=\"lazy\" decoding=\"async\" class=\"alignnone size-medium wp-image-1232\" src=\"https:\/\/schwerhoerige-bamberg.de\/wp-content\/uploads\/2024\/04\/PXL_20240424_143410767.MP_-226x300.jpg\" alt=\"\" width=\"226\" height=\"300\" srcset=\"https:\/\/schwerhoerige-bamberg.de\/wp-content\/uploads\/2024\/04\/PXL_20240424_143410767.MP_-226x300.jpg 226w, https:\/\/schwerhoerige-bamberg.de\/wp-content\/uploads\/2024\/04\/PXL_20240424_143410767.MP_-644x855.jpg 644w, https:\/\/schwerhoerige-bamberg.de\/wp-content\/uploads\/2024\/04\/PXL_20240424_143410767.MP_-768x1020.jpg 768w, https:\/\/schwerhoerige-bamberg.de\/wp-content\/uploads\/2024\/04\/PXL_20240424_143410767.MP_-1157x1536.jpg 1157w, https:\/\/schwerhoerige-bamberg.de\/wp-content\/uploads\/2024\/04\/PXL_20240424_143410767.MP_-1542x2048.jpg 1542w, https:\/\/schwerhoerige-bamberg.de\/wp-content\/uploads\/2024\/04\/PXL_20240424_143410767.MP_-113x150.jpg 113w, https:\/\/schwerhoerige-bamberg.de\/wp-content\/uploads\/2024\/04\/PXL_20240424_143410767.MP_-scaled.jpg 1928w\" sizes=\"auto, (max-width: 226px) 100vw, 226px\" \/>\u00a0 <img loading=\"lazy\" decoding=\"async\" class=\"alignnone  wp-image-1233\" src=\"https:\/\/schwerhoerige-bamberg.de\/wp-content\/uploads\/2024\/04\/PXL_20240424_143356336.MP_-300x226.jpg\" alt=\"\" width=\"292\" height=\"220\" srcset=\"https:\/\/schwerhoerige-bamberg.de\/wp-content\/uploads\/2024\/04\/PXL_20240424_143356336.MP_-300x226.jpg 300w, https:\/\/schwerhoerige-bamberg.de\/wp-content\/uploads\/2024\/04\/PXL_20240424_143356336.MP_-644x485.jpg 644w, https:\/\/schwerhoerige-bamberg.de\/wp-content\/uploads\/2024\/04\/PXL_20240424_143356336.MP_-768x578.jpg 768w, https:\/\/schwerhoerige-bamberg.de\/wp-content\/uploads\/2024\/04\/PXL_20240424_143356336.MP_-1536x1157.jpg 1536w, https:\/\/schwerhoerige-bamberg.de\/wp-content\/uploads\/2024\/04\/PXL_20240424_143356336.MP_-2048x1542.jpg 2048w, https:\/\/schwerhoerige-bamberg.de\/wp-content\/uploads\/2024\/04\/PXL_20240424_143356336.MP_-150x113.jpg 150w\" sizes=\"auto, (max-width: 292px) 100vw, 292px\" \/><\/p>\n<p>Wie reagiert man richtig beim Auffinden eines Notfallpatienten?<\/p>\n<p>Welche Schritte sind in welcher Reihenfolge zu beachten?<\/p>\n<p>Was muss ich tun, wenn der Patient noch atmet und was, wenn keine Atmung mehr vorhanden?<\/p>\n<p>Das waren die brennenden Fragen im Erste-Hilfe-Kurs der Malteser am 24. April 2024, der eigens f\u00fcr interessierte Mitglieder der Selbsthilfegruppe OhrRing in Bamberg angeboten wurde.<\/p>\n<p>Unter kompetenter Kursleitung von Frau Carmen Archie lernten wir die ersten wichtigsten Schritte: Anschauen \u2013 Ansprechen \u2013 Anfassen \u2013 Feststellen des Bewusstseins. Ist der Patient nicht ansprechbar, Hilfe rufen, Kopf \u00fcberstrecken und Atemkontrolle durchf\u00fchren. Wenn der Patient nicht mehr atmet, Notruf 112 absetzen, Herz-Lungen-Wiederbelebung durchf\u00fchren. Ist die Atmung vorhanden, den Patienten auf die Seitenlage drehen.<\/p>\n<p><img loading=\"lazy\" decoding=\"async\" class=\"alignnone size-medium wp-image-1241\" src=\"https:\/\/schwerhoerige-bamberg.de\/wp-content\/uploads\/2024\/04\/PXL_20240424_155604309.MP_-300x226.jpg\" alt=\"\" width=\"300\" height=\"226\" srcset=\"https:\/\/schwerhoerige-bamberg.de\/wp-content\/uploads\/2024\/04\/PXL_20240424_155604309.MP_-300x226.jpg 300w, https:\/\/schwerhoerige-bamberg.de\/wp-content\/uploads\/2024\/04\/PXL_20240424_155604309.MP_-644x485.jpg 644w, https:\/\/schwerhoerige-bamberg.de\/wp-content\/uploads\/2024\/04\/PXL_20240424_155604309.MP_-768x578.jpg 768w, https:\/\/schwerhoerige-bamberg.de\/wp-content\/uploads\/2024\/04\/PXL_20240424_155604309.MP_-1536x1157.jpg 1536w, https:\/\/schwerhoerige-bamberg.de\/wp-content\/uploads\/2024\/04\/PXL_20240424_155604309.MP_-2048x1542.jpg 2048w, https:\/\/schwerhoerige-bamberg.de\/wp-content\/uploads\/2024\/04\/PXL_20240424_155604309.MP_-150x113.jpg 150w\" sizes=\"auto, (max-width: 300px) 100vw, 300px\" \/> \u00a0 <img loading=\"lazy\" decoding=\"async\" class=\"alignnone size-medium wp-image-1240\" src=\"https:\/\/schwerhoerige-bamberg.de\/wp-content\/uploads\/2024\/04\/PXL_20240424_155248526.MP_-300x226.jpg\" alt=\"\" width=\"300\" height=\"226\" srcset=\"https:\/\/schwerhoerige-bamberg.de\/wp-content\/uploads\/2024\/04\/PXL_20240424_155248526.MP_-300x226.jpg 300w, https:\/\/schwerhoerige-bamberg.de\/wp-content\/uploads\/2024\/04\/PXL_20240424_155248526.MP_-644x485.jpg 644w, https:\/\/schwerhoerige-bamberg.de\/wp-content\/uploads\/2024\/04\/PXL_20240424_155248526.MP_-768x578.jpg 768w, https:\/\/schwerhoerige-bamberg.de\/wp-content\/uploads\/2024\/04\/PXL_20240424_155248526.MP_-1536x1157.jpg 1536w, https:\/\/schwerhoerige-bamberg.de\/wp-content\/uploads\/2024\/04\/PXL_20240424_155248526.MP_-2048x1542.jpg 2048w, https:\/\/schwerhoerige-bamberg.de\/wp-content\/uploads\/2024\/04\/PXL_20240424_155248526.MP_-150x113.jpg 150w\" sizes=\"auto, (max-width: 300px) 100vw, 300px\" \/><\/p>\n<p>Es folgten praktische \u00dcbungen der Herzdruckmassage und der Mund-zu-Mund-Beatmung sowie der richtigen Drehung in die Seitenlage.<\/p>\n<p><img loading=\"lazy\" decoding=\"async\" class=\"alignnone size-medium wp-image-1235\" src=\"https:\/\/schwerhoerige-bamberg.de\/wp-content\/uploads\/2024\/04\/PXL_20240424_152337422.MP_-226x300.jpg\" alt=\"\" width=\"226\" height=\"300\" srcset=\"https:\/\/schwerhoerige-bamberg.de\/wp-content\/uploads\/2024\/04\/PXL_20240424_152337422.MP_-226x300.jpg 226w, https:\/\/schwerhoerige-bamberg.de\/wp-content\/uploads\/2024\/04\/PXL_20240424_152337422.MP_-644x855.jpg 644w, https:\/\/schwerhoerige-bamberg.de\/wp-content\/uploads\/2024\/04\/PXL_20240424_152337422.MP_-768x1020.jpg 768w, https:\/\/schwerhoerige-bamberg.de\/wp-content\/uploads\/2024\/04\/PXL_20240424_152337422.MP_-1157x1536.jpg 1157w, https:\/\/schwerhoerige-bamberg.de\/wp-content\/uploads\/2024\/04\/PXL_20240424_152337422.MP_-1542x2048.jpg 1542w, https:\/\/schwerhoerige-bamberg.de\/wp-content\/uploads\/2024\/04\/PXL_20240424_152337422.MP_-113x150.jpg 113w, https:\/\/schwerhoerige-bamberg.de\/wp-content\/uploads\/2024\/04\/PXL_20240424_152337422.MP_-scaled.jpg 1928w\" sizes=\"auto, (max-width: 226px) 100vw, 226px\" \/>\u00a0 <img loading=\"lazy\" decoding=\"async\" class=\"alignnone size-medium wp-image-1234\" src=\"https:\/\/schwerhoerige-bamberg.de\/wp-content\/uploads\/2024\/04\/PXL_20240424_151654351.MP_-300x226.jpg\" alt=\"\" width=\"300\" height=\"226\" srcset=\"https:\/\/schwerhoerige-bamberg.de\/wp-content\/uploads\/2024\/04\/PXL_20240424_151654351.MP_-300x226.jpg 300w, https:\/\/schwerhoerige-bamberg.de\/wp-content\/uploads\/2024\/04\/PXL_20240424_151654351.MP_-644x485.jpg 644w, https:\/\/schwerhoerige-bamberg.de\/wp-content\/uploads\/2024\/04\/PXL_20240424_151654351.MP_-768x578.jpg 768w, https:\/\/schwerhoerige-bamberg.de\/wp-content\/uploads\/2024\/04\/PXL_20240424_151654351.MP_-1536x1157.jpg 1536w, https:\/\/schwerhoerige-bamberg.de\/wp-content\/uploads\/2024\/04\/PXL_20240424_151654351.MP_-2048x1542.jpg 2048w, https:\/\/schwerhoerige-bamberg.de\/wp-content\/uploads\/2024\/04\/PXL_20240424_151654351.MP_-150x113.jpg 150w\" sizes=\"auto, (max-width: 300px) 100vw, 300px\" \/>\u00a0 <img loading=\"lazy\" decoding=\"async\" class=\"alignnone size-medium wp-image-1236\" src=\"https:\/\/schwerhoerige-bamberg.de\/wp-content\/uploads\/2024\/04\/PXL_20240424_152611756.MP_-226x300.jpg\" alt=\"\" width=\"226\" height=\"300\" srcset=\"https:\/\/schwerhoerige-bamberg.de\/wp-content\/uploads\/2024\/04\/PXL_20240424_152611756.MP_-226x300.jpg 226w, https:\/\/schwerhoerige-bamberg.de\/wp-content\/uploads\/2024\/04\/PXL_20240424_152611756.MP_-644x855.jpg 644w, https:\/\/schwerhoerige-bamberg.de\/wp-content\/uploads\/2024\/04\/PXL_20240424_152611756.MP_-768x1020.jpg 768w, https:\/\/schwerhoerige-bamberg.de\/wp-content\/uploads\/2024\/04\/PXL_20240424_152611756.MP_-1157x1536.jpg 1157w, https:\/\/schwerhoerige-bamberg.de\/wp-content\/uploads\/2024\/04\/PXL_20240424_152611756.MP_-1542x2048.jpg 1542w, https:\/\/schwerhoerige-bamberg.de\/wp-content\/uploads\/2024\/04\/PXL_20240424_152611756.MP_-113x150.jpg 113w, https:\/\/schwerhoerige-bamberg.de\/wp-content\/uploads\/2024\/04\/PXL_20240424_152611756.MP_-scaled.jpg 1928w\" sizes=\"auto, (max-width: 226px) 100vw, 226px\" \/><\/p>\n<p>Vorgestellt wurde auch die Anwendung des Defibrillators.<\/p>\n<p><img loading=\"lazy\" decoding=\"async\" class=\"alignnone size-medium wp-image-1237\" src=\"https:\/\/schwerhoerige-bamberg.de\/wp-content\/uploads\/2024\/04\/PXL_20240424_154121623.MP_-226x300.jpg\" alt=\"\" width=\"226\" height=\"300\" srcset=\"https:\/\/schwerhoerige-bamberg.de\/wp-content\/uploads\/2024\/04\/PXL_20240424_154121623.MP_-226x300.jpg 226w, https:\/\/schwerhoerige-bamberg.de\/wp-content\/uploads\/2024\/04\/PXL_20240424_154121623.MP_-644x855.jpg 644w, https:\/\/schwerhoerige-bamberg.de\/wp-content\/uploads\/2024\/04\/PXL_20240424_154121623.MP_-768x1020.jpg 768w, https:\/\/schwerhoerige-bamberg.de\/wp-content\/uploads\/2024\/04\/PXL_20240424_154121623.MP_-1157x1536.jpg 1157w, https:\/\/schwerhoerige-bamberg.de\/wp-content\/uploads\/2024\/04\/PXL_20240424_154121623.MP_-1542x2048.jpg 1542w, https:\/\/schwerhoerige-bamberg.de\/wp-content\/uploads\/2024\/04\/PXL_20240424_154121623.MP_-113x150.jpg 113w, https:\/\/schwerhoerige-bamberg.de\/wp-content\/uploads\/2024\/04\/PXL_20240424_154121623.MP_-scaled.jpg 1928w\" sizes=\"auto, (max-width: 226px) 100vw, 226px\" \/><\/p>\n<p>Weitere Themen waren die Erste Hilfe bei Verschlucken, St\u00fcrzen, Verbrennungen und Insektenstichen sowie die Versorgung von Wunden.<\/p>\n<p><img loading=\"lazy\" decoding=\"async\" class=\"alignnone size-medium wp-image-1239\" src=\"https:\/\/schwerhoerige-bamberg.de\/wp-content\/uploads\/2024\/04\/PXL_20240424_153558475.MP_-226x300.jpg\" alt=\"\" width=\"226\" height=\"300\" srcset=\"https:\/\/schwerhoerige-bamberg.de\/wp-content\/uploads\/2024\/04\/PXL_20240424_153558475.MP_-226x300.jpg 226w, https:\/\/schwerhoerige-bamberg.de\/wp-content\/uploads\/2024\/04\/PXL_20240424_153558475.MP_-644x855.jpg 644w, https:\/\/schwerhoerige-bamberg.de\/wp-content\/uploads\/2024\/04\/PXL_20240424_153558475.MP_-768x1020.jpg 768w, https:\/\/schwerhoerige-bamberg.de\/wp-content\/uploads\/2024\/04\/PXL_20240424_153558475.MP_-1157x1536.jpg 1157w, https:\/\/schwerhoerige-bamberg.de\/wp-content\/uploads\/2024\/04\/PXL_20240424_153558475.MP_-1542x2048.jpg 1542w, https:\/\/schwerhoerige-bamberg.de\/wp-content\/uploads\/2024\/04\/PXL_20240424_153558475.MP_-113x150.jpg 113w, https:\/\/schwerhoerige-bamberg.de\/wp-content\/uploads\/2024\/04\/PXL_20240424_153558475.MP_-scaled.jpg 1928w\" sizes=\"auto, (max-width: 226px) 100vw, 226px\" \/>\u00a0\u00a0\u00a0\u00a0\u00a0\u00a0\u00a0\u00a0\u00a0\u00a0 <img loading=\"lazy\" decoding=\"async\" class=\"alignnone size-medium wp-image-1238\" src=\"https:\/\/schwerhoerige-bamberg.de\/wp-content\/uploads\/2024\/04\/PXL_20240424_163213677.MP_-300x226.jpg\" alt=\"\" width=\"300\" height=\"226\" srcset=\"https:\/\/schwerhoerige-bamberg.de\/wp-content\/uploads\/2024\/04\/PXL_20240424_163213677.MP_-300x226.jpg 300w, https:\/\/schwerhoerige-bamberg.de\/wp-content\/uploads\/2024\/04\/PXL_20240424_163213677.MP_-644x485.jpg 644w, https:\/\/schwerhoerige-bamberg.de\/wp-content\/uploads\/2024\/04\/PXL_20240424_163213677.MP_-768x578.jpg 768w, https:\/\/schwerhoerige-bamberg.de\/wp-content\/uploads\/2024\/04\/PXL_20240424_163213677.MP_-1536x1157.jpg 1536w, https:\/\/schwerhoerige-bamberg.de\/wp-content\/uploads\/2024\/04\/PXL_20240424_163213677.MP_-2048x1542.jpg 2048w, https:\/\/schwerhoerige-bamberg.de\/wp-content\/uploads\/2024\/04\/PXL_20240424_163213677.MP_-150x113.jpg 150w\" sizes=\"auto, (max-width: 300px) 100vw, 300px\" \/><\/p>\n<p>Hinweise auf das Gebot der Hilfestellung im Notfall und auch darauf, was Ersthelfer nicht tun d\u00fcrfen rundeten die Schulung ab.<\/p>\n<p>Wir alle waren froh und dankbar f\u00fcr die Gelegenheit, alte Kenntnisse aufzufrischen und Neues zu lernen. Der Einsatz unserer mobilen FM-Anlage erleichterte das Verstehen der Erkl\u00e4rungen. Die meisten unter uns h\u00e4tten ohne diese Technik keinen Kurs mitmachen k\u00f6nnen. Auch wurde die spezielle Situation von uns H\u00f6rgesch\u00e4digten gezielt ins Auge gefasst und \u00fcberlegt, wie sich Schwerh\u00f6rige im Notfall verst\u00e4ndigen k\u00f6nnen. Schade, dass der Runde Tisch der Krankenkassen trotzdem die F\u00f6rderung dieser Schulung ablehnte.<\/p>\n<p>&nbsp;<\/p>\n","protected":false},"excerpt":{"rendered":"<p>\u00a0 \u00a0 Wie reagiert man richtig beim Auffinden eines Notfallpatienten? Welche Schritte sind in welcher Reihenfolge zu beachten? Was muss ich tun, wenn der Patient noch atmet und was, wenn keine Atmung mehr vorhanden? Das waren die brennenden Fragen im Erste-Hilfe-Kurs der Malteser am 24. April 2024, der eigens f\u00fcr interessierte Mitglieder der Selbsthilfegruppe OhrRing in Bamberg angeboten wurde. Unter kompetenter Kursleitung von Frau Carmen Archie lernten wir die ersten wichtigsten Schritte: Anschauen \u2013 Ansprechen \u2013 Anfassen \u2013 Feststellen des Bewusstseins. Ist der Patient nicht ansprechbar, Hilfe rufen, Kopf \u00fcberstrecken und Atemkontrolle durchf\u00fchren. Wenn der Patient nicht mehr atmet, Notruf\u2026<\/p>\n<p> <a class=\"continue-reading-link\" href=\"https:\/\/schwerhoerige-bamberg.de\/?p=1230\"><span>weiterlesen &#8230;<\/span><i class=\"crycon-right-dir\"><\/i><\/a> <\/p>\n","protected":false},"author":2,"featured_media":0,"comment_status":"closed","ping_status":"closed","sticky":false,"template":"","format":"standard","meta":{"footnotes":""},"categories":[20],"tags":[],"class_list":["post-1230","post","type-post","status-publish","format-standard","hentry","category-fuehrungen-fortbildung-und-frezeit"],"_links":{"self":[{"href":"https:\/\/schwerhoerige-bamberg.de\/index.php?rest_route=\/wp\/v2\/posts\/1230","targetHints":{"allow":["GET"]}}],"collection":[{"href":"https:\/\/schwerhoerige-bamberg.de\/index.php?rest_route=\/wp\/v2\/posts"}],"about":[{"href":"https:\/\/schwerhoerige-bamberg.de\/index.php?rest_route=\/wp\/v2\/types\/post"}],"author":[{"embeddable":true,"href":"https:\/\/schwerhoerige-bamberg.de\/index.php?rest_route=\/wp\/v2\/users\/2"}],"replies":[{"embeddable":true,"href":"https:\/\/schwerhoerige-bamberg.de\/index.php?rest_route=%2Fwp%2Fv2%2Fcomments&post=1230"}],"version-history":[{"count":1,"href":"https:\/\/schwerhoerige-bamberg.de\/index.php?rest_route=\/wp\/v2\/posts\/1230\/revisions"}],"predecessor-version":[{"id":1242,"href":"https:\/\/schwerhoerige-bamberg.de\/index.php?rest_route=\/wp\/v2\/posts\/1230\/revisions\/1242"}],"wp:attachment":[{"href":"https:\/\/schwerhoerige-bamberg.de\/index.php?rest_route=%2Fwp%2Fv2%2Fmedia&parent=1230"}],"wp:term":[{"taxonomy":"category","embeddable":true,"href":"https:\/\/schwerhoerige-bamberg.de\/index.php?rest_route=%2Fwp%2Fv2%2Fcategories&post=1230"},{"taxonomy":"post_tag","embeddable":true,"href":"https:\/\/schwerhoerige-bamberg.de\/index.php?rest_route=%2Fwp%2Fv2%2Ftags&post=1230"}],"curies":[{"name":"wp","href":"https:\/\/api.w.org\/{rel}","templated":true}]}}