{"id":1248,"date":"2024-06-23T12:29:25","date_gmt":"2024-06-23T10:29:25","guid":{"rendered":"https:\/\/schwerhoerige-bamberg.de\/?p=1248"},"modified":"2024-06-24T11:19:09","modified_gmt":"2024-06-24T09:19:09","slug":"naturfuehrung-zu-den-mohnbienen","status":"publish","type":"post","link":"https:\/\/schwerhoerige-bamberg.de\/?p=1248","title":{"rendered":"Naturf\u00fchrung zu den Mohnbienen"},"content":{"rendered":"<h5><strong>Eine Sensation!<\/strong><\/h5>\n<p>H\u00e4tten Sie gewusst, dass die weltweit gr\u00f6\u00dfte bis jetzt bekannte Population von Mohnbienen mit rund 2.000 Nistpl\u00e4tzen ganz in der N\u00e4he von Bamberg, in der Nordflur von Kemmern zu finden ist? Hier gibt es noch kleinstrukturierte Feldfluren mit einem Mosaik aus bl\u00fctenreichen Rainen, unbefestigten Wegen und immer wieder unbestellten \u00c4ckern. Eine Flurbereinigung fand niemals statt. Vermutlich deshalb konnte die Mohnbiene hier \u00fcberleben.<\/p>\n<p><img loading=\"lazy\" decoding=\"async\" class=\"alignnone size-medium wp-image-1251\" src=\"https:\/\/schwerhoerige-bamberg.de\/wp-content\/uploads\/2024\/06\/PXL_20240621_120435550.MP_-226x300.jpg\" alt=\"\" width=\"226\" height=\"300\" srcset=\"https:\/\/schwerhoerige-bamberg.de\/wp-content\/uploads\/2024\/06\/PXL_20240621_120435550.MP_-226x300.jpg 226w, https:\/\/schwerhoerige-bamberg.de\/wp-content\/uploads\/2024\/06\/PXL_20240621_120435550.MP_-644x855.jpg 644w, https:\/\/schwerhoerige-bamberg.de\/wp-content\/uploads\/2024\/06\/PXL_20240621_120435550.MP_-768x1020.jpg 768w, https:\/\/schwerhoerige-bamberg.de\/wp-content\/uploads\/2024\/06\/PXL_20240621_120435550.MP_-1157x1536.jpg 1157w, https:\/\/schwerhoerige-bamberg.de\/wp-content\/uploads\/2024\/06\/PXL_20240621_120435550.MP_-1542x2048.jpg 1542w, https:\/\/schwerhoerige-bamberg.de\/wp-content\/uploads\/2024\/06\/PXL_20240621_120435550.MP_-113x150.jpg 113w, https:\/\/schwerhoerige-bamberg.de\/wp-content\/uploads\/2024\/06\/PXL_20240621_120435550.MP_-scaled.jpg 1928w\" sizes=\"auto, (max-width: 226px) 100vw, 226px\" \/> \u00a0\u00a0\u00a0\u00a0 <img loading=\"lazy\" decoding=\"async\" class=\"alignnone wp-image-1250\" src=\"https:\/\/schwerhoerige-bamberg.de\/wp-content\/uploads\/2024\/06\/PXL_20240621_134447454.MP_-300x226.jpg\" alt=\"\" width=\"392\" height=\"295\" srcset=\"https:\/\/schwerhoerige-bamberg.de\/wp-content\/uploads\/2024\/06\/PXL_20240621_134447454.MP_-300x226.jpg 300w, https:\/\/schwerhoerige-bamberg.de\/wp-content\/uploads\/2024\/06\/PXL_20240621_134447454.MP_-644x485.jpg 644w, https:\/\/schwerhoerige-bamberg.de\/wp-content\/uploads\/2024\/06\/PXL_20240621_134447454.MP_-768x578.jpg 768w, https:\/\/schwerhoerige-bamberg.de\/wp-content\/uploads\/2024\/06\/PXL_20240621_134447454.MP_-1536x1157.jpg 1536w, https:\/\/schwerhoerige-bamberg.de\/wp-content\/uploads\/2024\/06\/PXL_20240621_134447454.MP_-2048x1542.jpg 2048w, https:\/\/schwerhoerige-bamberg.de\/wp-content\/uploads\/2024\/06\/PXL_20240621_134447454.MP_-150x113.jpg 150w\" sizes=\"auto, (max-width: 392px) 100vw, 392px\" \/><\/p>\n<p>Herr Jochen Frank vom Landesbund f\u00fcr Vogelschutz verstand es, uns f\u00fcr die vielen Wunder der Natur, hier insbesondere f\u00fcr die Mohnbienen zu begeistern. In einem spannenden Rundgang lernten wir den Lebenszyklus dieser Wildbiene kennen. Die Weibchen graben in den Sandboden ein etwa 5-7 cm tiefes, sauberes Loch und kleiden dieses mit St\u00fcckchen aus den Bl\u00fcten der Mohnblume aus. In der Tiefe des Lochs, in der Brutkammer wird der &#8222;Bienenkuchen&#8220;, bestehend aus Pollen und Nektar aus der Kornblume und von Klatschmohn als Nahrung f\u00fcr den Nachwuchs bereit gestellt. Nach der Eiablage wird die Zelle mit mehreren Lagen frischen Mohnbl\u00e4ttern abgedeckt. Das Nest wird dann verschlossen, evtl. noch herausragende Mohnbl\u00fctenbl\u00e4tter abgetragen und das Loch mit umliegendem Bodenmaterial aufgesch\u00fcttet. Im Fr\u00fchsommer des folgenden Jahres bei\u00dft sich das \u00fcber die Phasen Larve-Puppe nun zur Mohnbiene entwickelte Insekt heraus und \u00fcbernimmt die Aufgabe beim Aufbau der n\u00e4chsten Mohnbienen-Generation.<\/p>\n<p><img loading=\"lazy\" decoding=\"async\" class=\"alignnone size-medium wp-image-1253\" src=\"https:\/\/schwerhoerige-bamberg.de\/wp-content\/uploads\/2024\/06\/PXL_20240621_123943300.MP_-226x300.jpg\" alt=\"\" width=\"226\" height=\"300\" srcset=\"https:\/\/schwerhoerige-bamberg.de\/wp-content\/uploads\/2024\/06\/PXL_20240621_123943300.MP_-226x300.jpg 226w, https:\/\/schwerhoerige-bamberg.de\/wp-content\/uploads\/2024\/06\/PXL_20240621_123943300.MP_-644x855.jpg 644w, https:\/\/schwerhoerige-bamberg.de\/wp-content\/uploads\/2024\/06\/PXL_20240621_123943300.MP_-768x1020.jpg 768w, https:\/\/schwerhoerige-bamberg.de\/wp-content\/uploads\/2024\/06\/PXL_20240621_123943300.MP_-1157x1536.jpg 1157w, https:\/\/schwerhoerige-bamberg.de\/wp-content\/uploads\/2024\/06\/PXL_20240621_123943300.MP_-1542x2048.jpg 1542w, https:\/\/schwerhoerige-bamberg.de\/wp-content\/uploads\/2024\/06\/PXL_20240621_123943300.MP_-113x150.jpg 113w, https:\/\/schwerhoerige-bamberg.de\/wp-content\/uploads\/2024\/06\/PXL_20240621_123943300.MP_-scaled.jpg 1928w\" sizes=\"auto, (max-width: 226px) 100vw, 226px\" \/> \u00a0 <img loading=\"lazy\" decoding=\"async\" class=\"alignnone size-medium wp-image-1252\" src=\"https:\/\/schwerhoerige-bamberg.de\/wp-content\/uploads\/2024\/06\/PXL_20240621_130034585.MP_-226x300.jpg\" alt=\"\" width=\"226\" height=\"300\" srcset=\"https:\/\/schwerhoerige-bamberg.de\/wp-content\/uploads\/2024\/06\/PXL_20240621_130034585.MP_-226x300.jpg 226w, https:\/\/schwerhoerige-bamberg.de\/wp-content\/uploads\/2024\/06\/PXL_20240621_130034585.MP_-644x855.jpg 644w, https:\/\/schwerhoerige-bamberg.de\/wp-content\/uploads\/2024\/06\/PXL_20240621_130034585.MP_-768x1020.jpg 768w, https:\/\/schwerhoerige-bamberg.de\/wp-content\/uploads\/2024\/06\/PXL_20240621_130034585.MP_-1157x1536.jpg 1157w, https:\/\/schwerhoerige-bamberg.de\/wp-content\/uploads\/2024\/06\/PXL_20240621_130034585.MP_-1542x2048.jpg 1542w, https:\/\/schwerhoerige-bamberg.de\/wp-content\/uploads\/2024\/06\/PXL_20240621_130034585.MP_-113x150.jpg 113w, https:\/\/schwerhoerige-bamberg.de\/wp-content\/uploads\/2024\/06\/PXL_20240621_130034585.MP_-scaled.jpg 1928w\" sizes=\"auto, (max-width: 226px) 100vw, 226px\" \/>\u00a0 <img loading=\"lazy\" decoding=\"async\" class=\"alignnone wp-image-1257\" src=\"https:\/\/schwerhoerige-bamberg.de\/wp-content\/uploads\/2024\/06\/PXL_20240621_125807177.MP_-300x226.jpg\" alt=\"\" width=\"347\" height=\"262\" srcset=\"https:\/\/schwerhoerige-bamberg.de\/wp-content\/uploads\/2024\/06\/PXL_20240621_125807177.MP_-300x226.jpg 300w, https:\/\/schwerhoerige-bamberg.de\/wp-content\/uploads\/2024\/06\/PXL_20240621_125807177.MP_-644x485.jpg 644w, https:\/\/schwerhoerige-bamberg.de\/wp-content\/uploads\/2024\/06\/PXL_20240621_125807177.MP_-768x578.jpg 768w, https:\/\/schwerhoerige-bamberg.de\/wp-content\/uploads\/2024\/06\/PXL_20240621_125807177.MP_-1536x1157.jpg 1536w, https:\/\/schwerhoerige-bamberg.de\/wp-content\/uploads\/2024\/06\/PXL_20240621_125807177.MP_-2048x1542.jpg 2048w, https:\/\/schwerhoerige-bamberg.de\/wp-content\/uploads\/2024\/06\/PXL_20240621_125807177.MP_-150x113.jpg 150w\" sizes=\"auto, (max-width: 347px) 100vw, 347px\" \/><img loading=\"lazy\" decoding=\"async\" class=\"alignnone wp-image-1254\" src=\"https:\/\/schwerhoerige-bamberg.de\/wp-content\/uploads\/2024\/06\/PXL_20240621_140344376.MP_-300x226.jpg\" alt=\"\" width=\"392\" height=\"295\" srcset=\"https:\/\/schwerhoerige-bamberg.de\/wp-content\/uploads\/2024\/06\/PXL_20240621_140344376.MP_-300x226.jpg 300w, https:\/\/schwerhoerige-bamberg.de\/wp-content\/uploads\/2024\/06\/PXL_20240621_140344376.MP_-644x485.jpg 644w, https:\/\/schwerhoerige-bamberg.de\/wp-content\/uploads\/2024\/06\/PXL_20240621_140344376.MP_-768x578.jpg 768w, https:\/\/schwerhoerige-bamberg.de\/wp-content\/uploads\/2024\/06\/PXL_20240621_140344376.MP_-1536x1157.jpg 1536w, https:\/\/schwerhoerige-bamberg.de\/wp-content\/uploads\/2024\/06\/PXL_20240621_140344376.MP_-2048x1542.jpg 2048w, https:\/\/schwerhoerige-bamberg.de\/wp-content\/uploads\/2024\/06\/PXL_20240621_140344376.MP_-150x113.jpg 150w\" sizes=\"auto, (max-width: 392px) 100vw, 392px\" \/> <img loading=\"lazy\" decoding=\"async\" class=\"alignnone wp-image-1256\" src=\"https:\/\/schwerhoerige-bamberg.de\/wp-content\/uploads\/2024\/06\/PXL_20240621_122609020.MP_-300x226.jpg\" alt=\"\" width=\"399\" height=\"300\" srcset=\"https:\/\/schwerhoerige-bamberg.de\/wp-content\/uploads\/2024\/06\/PXL_20240621_122609020.MP_-300x226.jpg 300w, https:\/\/schwerhoerige-bamberg.de\/wp-content\/uploads\/2024\/06\/PXL_20240621_122609020.MP_-644x485.jpg 644w, https:\/\/schwerhoerige-bamberg.de\/wp-content\/uploads\/2024\/06\/PXL_20240621_122609020.MP_-768x578.jpg 768w, https:\/\/schwerhoerige-bamberg.de\/wp-content\/uploads\/2024\/06\/PXL_20240621_122609020.MP_-1536x1157.jpg 1536w, https:\/\/schwerhoerige-bamberg.de\/wp-content\/uploads\/2024\/06\/PXL_20240621_122609020.MP_-2048x1542.jpg 2048w, https:\/\/schwerhoerige-bamberg.de\/wp-content\/uploads\/2024\/06\/PXL_20240621_122609020.MP_-150x113.jpg 150w\" sizes=\"auto, (max-width: 399px) 100vw, 399px\" \/><br \/>\nDas drohende Gewitter blieb zum Gl\u00fcck aus. So konnte die Einkehr in einen Biergarten den gelungenen Nachmittag abrunden. Herzlichen Dank an unsere Irmi f\u00fcr die Organisation dieser spannenden und lehrreichen Veranstaltung!<\/p>\n","protected":false},"excerpt":{"rendered":"<p>Eine Sensation! H\u00e4tten Sie gewusst, dass die weltweit gr\u00f6\u00dfte bis jetzt bekannte Population von Mohnbienen mit rund 2.000 Nistpl\u00e4tzen ganz in der N\u00e4he von Bamberg, in der Nordflur von Kemmern zu finden ist? Hier gibt es noch kleinstrukturierte Feldfluren mit einem Mosaik aus bl\u00fctenreichen Rainen, unbefestigten Wegen und immer wieder unbestellten \u00c4ckern. Eine Flurbereinigung fand niemals statt. Vermutlich deshalb konnte die Mohnbiene hier \u00fcberleben. \u00a0\u00a0\u00a0\u00a0 Herr Jochen Frank vom Landesbund f\u00fcr Vogelschutz verstand es, uns f\u00fcr die vielen Wunder der Natur, hier insbesondere f\u00fcr die Mohnbienen zu begeistern. In einem spannenden Rundgang lernten wir den Lebenszyklus dieser Wildbiene kennen. Die\u2026<\/p>\n<p> <a class=\"continue-reading-link\" href=\"https:\/\/schwerhoerige-bamberg.de\/?p=1248\"><span>weiterlesen &#8230;<\/span><i class=\"crycon-right-dir\"><\/i><\/a> <\/p>\n","protected":false},"author":2,"featured_media":0,"comment_status":"closed","ping_status":"closed","sticky":false,"template":"","format":"standard","meta":{"footnotes":""},"categories":[20],"tags":[],"class_list":["post-1248","post","type-post","status-publish","format-standard","hentry","category-fuehrungen-fortbildung-und-frezeit"],"_links":{"self":[{"href":"https:\/\/schwerhoerige-bamberg.de\/index.php?rest_route=\/wp\/v2\/posts\/1248","targetHints":{"allow":["GET"]}}],"collection":[{"href":"https:\/\/schwerhoerige-bamberg.de\/index.php?rest_route=\/wp\/v2\/posts"}],"about":[{"href":"https:\/\/schwerhoerige-bamberg.de\/index.php?rest_route=\/wp\/v2\/types\/post"}],"author":[{"embeddable":true,"href":"https:\/\/schwerhoerige-bamberg.de\/index.php?rest_route=\/wp\/v2\/users\/2"}],"replies":[{"embeddable":true,"href":"https:\/\/schwerhoerige-bamberg.de\/index.php?rest_route=%2Fwp%2Fv2%2Fcomments&post=1248"}],"version-history":[{"count":5,"href":"https:\/\/schwerhoerige-bamberg.de\/index.php?rest_route=\/wp\/v2\/posts\/1248\/revisions"}],"predecessor-version":[{"id":1262,"href":"https:\/\/schwerhoerige-bamberg.de\/index.php?rest_route=\/wp\/v2\/posts\/1248\/revisions\/1262"}],"wp:attachment":[{"href":"https:\/\/schwerhoerige-bamberg.de\/index.php?rest_route=%2Fwp%2Fv2%2Fmedia&parent=1248"}],"wp:term":[{"taxonomy":"category","embeddable":true,"href":"https:\/\/schwerhoerige-bamberg.de\/index.php?rest_route=%2Fwp%2Fv2%2Fcategories&post=1248"},{"taxonomy":"post_tag","embeddable":true,"href":"https:\/\/schwerhoerige-bamberg.de\/index.php?rest_route=%2Fwp%2Fv2%2Ftags&post=1248"}],"curies":[{"name":"wp","href":"https:\/\/api.w.org\/{rel}","templated":true}]}}