{"id":1266,"date":"2024-07-28T10:19:36","date_gmt":"2024-07-28T08:19:36","guid":{"rendered":"https:\/\/schwerhoerige-bamberg.de\/?p=1266"},"modified":"2024-07-28T11:31:43","modified_gmt":"2024-07-28T09:31:43","slug":"thueringen-fuer-entdecker","status":"publish","type":"post","link":"https:\/\/schwerhoerige-bamberg.de\/?p=1266","title":{"rendered":"Th\u00fcringen f\u00fcr Entdecker"},"content":{"rendered":"<p>&#8222;Th\u00fcringen f\u00fcr Entdecker&#8220; war das Motto des Tagesausfluges der Selbsthilfegruppe OhrRing am 27.07.2024.<\/p>\n<p>Erste Station unserer Reise war das Sch\u00f6nstattzentrum in Friedrichroda. Hier wurden wir von Schwester Judith und Schwester Kirstin mit r\u00fchrender Herzlichkeit empfangen. In der Kapelle des Hauses Waldfrieden berichtete Schwester Kirstin von der segensreichen Wirkung der Gemeinschaft in Friedrichroda und von der besonderen Ausstrahlung der Waldkapelle, die als Ort der Besinnung und der Ruhe von zahlreichen Pilgern aufgesucht wird.\u00a0 In der Andacht wies auch unser H\u00f6rgesch\u00e4digtenseelsorger Albin Zeck auf die Bedeutung des Ortes hin und erinnerte an die friedlichen Demonstrationen in den letzten Jahren der &#8222;DDR&#8220;, die zur politischen Wende f\u00fchrten. Martin Zeck erfreute uns auch heuer mit seinem Orgelspiel<\/p>\n<p><img loading=\"lazy\" decoding=\"async\" class=\"alignnone wp-image-1267\" src=\"https:\/\/schwerhoerige-bamberg.de\/wp-content\/uploads\/2024\/07\/PXL_20240727_074222978.MP_-300x226.jpg\" alt=\"\" width=\"283\" height=\"213\" srcset=\"https:\/\/schwerhoerige-bamberg.de\/wp-content\/uploads\/2024\/07\/PXL_20240727_074222978.MP_-300x226.jpg 300w, https:\/\/schwerhoerige-bamberg.de\/wp-content\/uploads\/2024\/07\/PXL_20240727_074222978.MP_-644x485.jpg 644w, https:\/\/schwerhoerige-bamberg.de\/wp-content\/uploads\/2024\/07\/PXL_20240727_074222978.MP_-768x578.jpg 768w, https:\/\/schwerhoerige-bamberg.de\/wp-content\/uploads\/2024\/07\/PXL_20240727_074222978.MP_-1536x1157.jpg 1536w, https:\/\/schwerhoerige-bamberg.de\/wp-content\/uploads\/2024\/07\/PXL_20240727_074222978.MP_-2048x1542.jpg 2048w, https:\/\/schwerhoerige-bamberg.de\/wp-content\/uploads\/2024\/07\/PXL_20240727_074222978.MP_-150x113.jpg 150w\" sizes=\"auto, (max-width: 283px) 100vw, 283px\" \/> \u00a0 <img loading=\"lazy\" decoding=\"async\" class=\"alignnone wp-image-1269\" src=\"https:\/\/schwerhoerige-bamberg.de\/wp-content\/uploads\/2024\/07\/PXL_20240727_082135507.MP_-226x300.jpg\" alt=\"\" width=\"201\" height=\"267\" srcset=\"https:\/\/schwerhoerige-bamberg.de\/wp-content\/uploads\/2024\/07\/PXL_20240727_082135507.MP_-226x300.jpg 226w, https:\/\/schwerhoerige-bamberg.de\/wp-content\/uploads\/2024\/07\/PXL_20240727_082135507.MP_-644x855.jpg 644w, https:\/\/schwerhoerige-bamberg.de\/wp-content\/uploads\/2024\/07\/PXL_20240727_082135507.MP_-768x1020.jpg 768w, https:\/\/schwerhoerige-bamberg.de\/wp-content\/uploads\/2024\/07\/PXL_20240727_082135507.MP_-1157x1536.jpg 1157w, https:\/\/schwerhoerige-bamberg.de\/wp-content\/uploads\/2024\/07\/PXL_20240727_082135507.MP_-1542x2048.jpg 1542w, https:\/\/schwerhoerige-bamberg.de\/wp-content\/uploads\/2024\/07\/PXL_20240727_082135507.MP_-113x150.jpg 113w, https:\/\/schwerhoerige-bamberg.de\/wp-content\/uploads\/2024\/07\/PXL_20240727_082135507.MP_-scaled.jpg 1928w\" sizes=\"auto, (max-width: 201px) 100vw, 201px\" \/><img loading=\"lazy\" decoding=\"async\" class=\"alignnone wp-image-1270\" src=\"https:\/\/schwerhoerige-bamberg.de\/wp-content\/uploads\/2024\/07\/PXL_20240727_082110248.MP_-300x226.jpg\" alt=\"\" width=\"287\" height=\"216\" srcset=\"https:\/\/schwerhoerige-bamberg.de\/wp-content\/uploads\/2024\/07\/PXL_20240727_082110248.MP_-300x226.jpg 300w, https:\/\/schwerhoerige-bamberg.de\/wp-content\/uploads\/2024\/07\/PXL_20240727_082110248.MP_-644x485.jpg 644w, https:\/\/schwerhoerige-bamberg.de\/wp-content\/uploads\/2024\/07\/PXL_20240727_082110248.MP_-768x578.jpg 768w, https:\/\/schwerhoerige-bamberg.de\/wp-content\/uploads\/2024\/07\/PXL_20240727_082110248.MP_-1536x1157.jpg 1536w, https:\/\/schwerhoerige-bamberg.de\/wp-content\/uploads\/2024\/07\/PXL_20240727_082110248.MP_-2048x1542.jpg 2048w, https:\/\/schwerhoerige-bamberg.de\/wp-content\/uploads\/2024\/07\/PXL_20240727_082110248.MP_-150x113.jpg 150w\" sizes=\"auto, (max-width: 287px) 100vw, 287px\" \/><\/p>\n<p>Bevor wir uns verabschiedeten, hatten die Schwestern f\u00fcr uns noch eine \u00dcberraschung bereit. Vor wenigen Wochen feierte die Gemeinschaft mit vielen G\u00e4sten zusammen die 70-j\u00e4hrige Einweihung der Waldkapelle. Zur Erinnerung an dieses Ereignis erhielt\u00a0 jeder von uns eine schmackhafte s\u00fc\u00dfe Gabe. Inniger Dank f\u00fcr die freundliche Aufnahme durch die Schwestern! Die im Sch\u00f6nstattzentrum Friedrichroda erlebte Stunde werden wir noch lange als wertvolle Erinnerung im Herzen bewahren.<\/p>\n<p><img loading=\"lazy\" decoding=\"async\" class=\"alignnone size-medium wp-image-1274\" src=\"https:\/\/schwerhoerige-bamberg.de\/wp-content\/uploads\/2024\/07\/PXL_20240728_075736252.MP_-226x300.jpg\" alt=\"\" width=\"226\" height=\"300\" srcset=\"https:\/\/schwerhoerige-bamberg.de\/wp-content\/uploads\/2024\/07\/PXL_20240728_075736252.MP_-226x300.jpg 226w, https:\/\/schwerhoerige-bamberg.de\/wp-content\/uploads\/2024\/07\/PXL_20240728_075736252.MP_-644x855.jpg 644w, https:\/\/schwerhoerige-bamberg.de\/wp-content\/uploads\/2024\/07\/PXL_20240728_075736252.MP_-768x1020.jpg 768w, https:\/\/schwerhoerige-bamberg.de\/wp-content\/uploads\/2024\/07\/PXL_20240728_075736252.MP_-1157x1536.jpg 1157w, https:\/\/schwerhoerige-bamberg.de\/wp-content\/uploads\/2024\/07\/PXL_20240728_075736252.MP_-1542x2048.jpg 1542w, https:\/\/schwerhoerige-bamberg.de\/wp-content\/uploads\/2024\/07\/PXL_20240728_075736252.MP_-113x150.jpg 113w, https:\/\/schwerhoerige-bamberg.de\/wp-content\/uploads\/2024\/07\/PXL_20240728_075736252.MP_-scaled.jpg 1928w\" sizes=\"auto, (max-width: 226px) 100vw, 226px\" \/> \u00a0 \u00a0 \u00a0 <img loading=\"lazy\" decoding=\"async\" class=\"alignnone size-medium wp-image-1273\" src=\"https:\/\/schwerhoerige-bamberg.de\/wp-content\/uploads\/2024\/07\/PXL_20240728_061946788.MP2_-226x300.jpg\" alt=\"\" width=\"226\" height=\"300\" srcset=\"https:\/\/schwerhoerige-bamberg.de\/wp-content\/uploads\/2024\/07\/PXL_20240728_061946788.MP2_-226x300.jpg 226w, https:\/\/schwerhoerige-bamberg.de\/wp-content\/uploads\/2024\/07\/PXL_20240728_061946788.MP2_-644x855.jpg 644w, https:\/\/schwerhoerige-bamberg.de\/wp-content\/uploads\/2024\/07\/PXL_20240728_061946788.MP2_-768x1020.jpg 768w, https:\/\/schwerhoerige-bamberg.de\/wp-content\/uploads\/2024\/07\/PXL_20240728_061946788.MP2_-1157x1536.jpg 1157w, https:\/\/schwerhoerige-bamberg.de\/wp-content\/uploads\/2024\/07\/PXL_20240728_061946788.MP2_-1542x2048.jpg 1542w, https:\/\/schwerhoerige-bamberg.de\/wp-content\/uploads\/2024\/07\/PXL_20240728_061946788.MP2_-113x150.jpg 113w, https:\/\/schwerhoerige-bamberg.de\/wp-content\/uploads\/2024\/07\/PXL_20240728_061946788.MP2_-scaled.jpg 1928w\" sizes=\"auto, (max-width: 226px) 100vw, 226px\" \/> \u00a0\u00a0\u00a0\u00a0\u00a0\u00a0\u00a0 <img loading=\"lazy\" decoding=\"async\" class=\"alignnone size-medium wp-image-1271\" src=\"https:\/\/schwerhoerige-bamberg.de\/wp-content\/uploads\/2024\/07\/PXL_20240727_084022270.MP_-226x300.jpg\" alt=\"\" width=\"226\" height=\"300\" srcset=\"https:\/\/schwerhoerige-bamberg.de\/wp-content\/uploads\/2024\/07\/PXL_20240727_084022270.MP_-226x300.jpg 226w, https:\/\/schwerhoerige-bamberg.de\/wp-content\/uploads\/2024\/07\/PXL_20240727_084022270.MP_-644x855.jpg 644w, https:\/\/schwerhoerige-bamberg.de\/wp-content\/uploads\/2024\/07\/PXL_20240727_084022270.MP_-768x1020.jpg 768w, https:\/\/schwerhoerige-bamberg.de\/wp-content\/uploads\/2024\/07\/PXL_20240727_084022270.MP_-1157x1536.jpg 1157w, https:\/\/schwerhoerige-bamberg.de\/wp-content\/uploads\/2024\/07\/PXL_20240727_084022270.MP_-1542x2048.jpg 1542w, https:\/\/schwerhoerige-bamberg.de\/wp-content\/uploads\/2024\/07\/PXL_20240727_084022270.MP_-113x150.jpg 113w, https:\/\/schwerhoerige-bamberg.de\/wp-content\/uploads\/2024\/07\/PXL_20240727_084022270.MP_-scaled.jpg 1928w\" sizes=\"auto, (max-width: 226px) 100vw, 226px\" \/><\/p>\n<p>Unsere n\u00e4chste Station war die Marienglash\u00f6hle in Friedrichroda. In diesem Bergwerk, in dem von 1778-1903 Gips abgebaut wurde, erfuhren wir viel \u00fcber den Bergbau in der Region. Die Kristallgrotte in der H\u00f6hle gilt als einer der sch\u00f6nsten und gr\u00f6\u00dften in Europa. Die Gipskristalle wurden u.a. zum Schmuck von Marienbildern verwendet, wodurch auch der Name Marienglas entstand.<\/p>\n<p><img loading=\"lazy\" decoding=\"async\" class=\"alignnone size-medium wp-image-1275\" src=\"https:\/\/schwerhoerige-bamberg.de\/wp-content\/uploads\/2024\/07\/PXL_20240727_091757522.MP_-226x300.jpg\" alt=\"\" width=\"226\" height=\"300\" srcset=\"https:\/\/schwerhoerige-bamberg.de\/wp-content\/uploads\/2024\/07\/PXL_20240727_091757522.MP_-226x300.jpg 226w, https:\/\/schwerhoerige-bamberg.de\/wp-content\/uploads\/2024\/07\/PXL_20240727_091757522.MP_-644x855.jpg 644w, https:\/\/schwerhoerige-bamberg.de\/wp-content\/uploads\/2024\/07\/PXL_20240727_091757522.MP_-768x1020.jpg 768w, https:\/\/schwerhoerige-bamberg.de\/wp-content\/uploads\/2024\/07\/PXL_20240727_091757522.MP_-1157x1536.jpg 1157w, https:\/\/schwerhoerige-bamberg.de\/wp-content\/uploads\/2024\/07\/PXL_20240727_091757522.MP_-1542x2048.jpg 1542w, https:\/\/schwerhoerige-bamberg.de\/wp-content\/uploads\/2024\/07\/PXL_20240727_091757522.MP_-113x150.jpg 113w, https:\/\/schwerhoerige-bamberg.de\/wp-content\/uploads\/2024\/07\/PXL_20240727_091757522.MP_-scaled.jpg 1928w\" sizes=\"auto, (max-width: 226px) 100vw, 226px\" \/>\u00a0\u00a0\u00a0\u00a0 <img loading=\"lazy\" decoding=\"async\" class=\"alignnone size-medium wp-image-1277\" src=\"https:\/\/schwerhoerige-bamberg.de\/wp-content\/uploads\/2024\/07\/Unbenannt-300x225.jpg\" alt=\"\" width=\"300\" height=\"225\" srcset=\"https:\/\/schwerhoerige-bamberg.de\/wp-content\/uploads\/2024\/07\/Unbenannt-300x225.jpg 300w, https:\/\/schwerhoerige-bamberg.de\/wp-content\/uploads\/2024\/07\/Unbenannt-644x483.jpg 644w, https:\/\/schwerhoerige-bamberg.de\/wp-content\/uploads\/2024\/07\/Unbenannt-768x576.jpg 768w, https:\/\/schwerhoerige-bamberg.de\/wp-content\/uploads\/2024\/07\/Unbenannt-1536x1152.jpg 1536w, https:\/\/schwerhoerige-bamberg.de\/wp-content\/uploads\/2024\/07\/Unbenannt-150x113.jpg 150w, https:\/\/schwerhoerige-bamberg.de\/wp-content\/uploads\/2024\/07\/Unbenannt.jpg 2000w\" sizes=\"auto, (max-width: 300px) 100vw, 300px\" \/> \u00a0 <img loading=\"lazy\" decoding=\"async\" class=\"alignnone size-medium wp-image-1276\" src=\"https:\/\/schwerhoerige-bamberg.de\/wp-content\/uploads\/2024\/07\/PXL_20240727_094555167.MP_-226x300.jpg\" alt=\"\" width=\"226\" height=\"300\" srcset=\"https:\/\/schwerhoerige-bamberg.de\/wp-content\/uploads\/2024\/07\/PXL_20240727_094555167.MP_-226x300.jpg 226w, https:\/\/schwerhoerige-bamberg.de\/wp-content\/uploads\/2024\/07\/PXL_20240727_094555167.MP_-644x855.jpg 644w, https:\/\/schwerhoerige-bamberg.de\/wp-content\/uploads\/2024\/07\/PXL_20240727_094555167.MP_-768x1020.jpg 768w, https:\/\/schwerhoerige-bamberg.de\/wp-content\/uploads\/2024\/07\/PXL_20240727_094555167.MP_-1157x1536.jpg 1157w, https:\/\/schwerhoerige-bamberg.de\/wp-content\/uploads\/2024\/07\/PXL_20240727_094555167.MP_-1542x2048.jpg 1542w, https:\/\/schwerhoerige-bamberg.de\/wp-content\/uploads\/2024\/07\/PXL_20240727_094555167.MP_-113x150.jpg 113w, https:\/\/schwerhoerige-bamberg.de\/wp-content\/uploads\/2024\/07\/PXL_20240727_094555167.MP_-scaled.jpg 1928w\" sizes=\"auto, (max-width: 226px) 100vw, 226px\" \/><\/p>\n<p>Nach dem Mittagessen im Waldgasthaus St. Marien \u00fcberraschten uns im Auftrag der Firma Sp\u00f6rlein Reisen Busfahrer J\u00fcrgen Scharf und seine Gattin mit Kaffee und Kuchen vor dem Bus. Diese Gaben zerstreuten wohlschmeckend die Erinnerung an Widrigkeiten einer vergangenen Reise.<\/p>\n<p><img loading=\"lazy\" decoding=\"async\" class=\"alignnone size-medium wp-image-1279\" src=\"https:\/\/schwerhoerige-bamberg.de\/wp-content\/uploads\/2024\/07\/PXL_20240727_113404090.MP_-300x226.jpg\" alt=\"\" width=\"300\" height=\"226\" srcset=\"https:\/\/schwerhoerige-bamberg.de\/wp-content\/uploads\/2024\/07\/PXL_20240727_113404090.MP_-300x226.jpg 300w, https:\/\/schwerhoerige-bamberg.de\/wp-content\/uploads\/2024\/07\/PXL_20240727_113404090.MP_-644x485.jpg 644w, https:\/\/schwerhoerige-bamberg.de\/wp-content\/uploads\/2024\/07\/PXL_20240727_113404090.MP_-768x578.jpg 768w, https:\/\/schwerhoerige-bamberg.de\/wp-content\/uploads\/2024\/07\/PXL_20240727_113404090.MP_-1536x1157.jpg 1536w, https:\/\/schwerhoerige-bamberg.de\/wp-content\/uploads\/2024\/07\/PXL_20240727_113404090.MP_-2048x1542.jpg 2048w, https:\/\/schwerhoerige-bamberg.de\/wp-content\/uploads\/2024\/07\/PXL_20240727_113404090.MP_-150x113.jpg 150w\" sizes=\"auto, (max-width: 300px) 100vw, 300px\" \/> \u00a0\u00a0 <img loading=\"lazy\" decoding=\"async\" class=\"alignnone size-medium wp-image-1280\" src=\"https:\/\/schwerhoerige-bamberg.de\/wp-content\/uploads\/2024\/07\/PXL_20240727_122316786.MP_-226x300.jpg\" alt=\"\" width=\"226\" height=\"300\" srcset=\"https:\/\/schwerhoerige-bamberg.de\/wp-content\/uploads\/2024\/07\/PXL_20240727_122316786.MP_-226x300.jpg 226w, https:\/\/schwerhoerige-bamberg.de\/wp-content\/uploads\/2024\/07\/PXL_20240727_122316786.MP_-644x855.jpg 644w, https:\/\/schwerhoerige-bamberg.de\/wp-content\/uploads\/2024\/07\/PXL_20240727_122316786.MP_-768x1020.jpg 768w, https:\/\/schwerhoerige-bamberg.de\/wp-content\/uploads\/2024\/07\/PXL_20240727_122316786.MP_-1157x1536.jpg 1157w, https:\/\/schwerhoerige-bamberg.de\/wp-content\/uploads\/2024\/07\/PXL_20240727_122316786.MP_-1542x2048.jpg 1542w, https:\/\/schwerhoerige-bamberg.de\/wp-content\/uploads\/2024\/07\/PXL_20240727_122316786.MP_-113x150.jpg 113w, https:\/\/schwerhoerige-bamberg.de\/wp-content\/uploads\/2024\/07\/PXL_20240727_122316786.MP_-scaled.jpg 1928w\" sizes=\"auto, (max-width: 226px) 100vw, 226px\" \/> \u00a0 \u00a0 <img loading=\"lazy\" decoding=\"async\" class=\"alignnone size-medium wp-image-1278\" src=\"https:\/\/schwerhoerige-bamberg.de\/wp-content\/uploads\/2024\/07\/PXL_20240727_113305801.MP_-226x300.jpg\" alt=\"\" width=\"226\" height=\"300\" srcset=\"https:\/\/schwerhoerige-bamberg.de\/wp-content\/uploads\/2024\/07\/PXL_20240727_113305801.MP_-226x300.jpg 226w, https:\/\/schwerhoerige-bamberg.de\/wp-content\/uploads\/2024\/07\/PXL_20240727_113305801.MP_-644x855.jpg 644w, https:\/\/schwerhoerige-bamberg.de\/wp-content\/uploads\/2024\/07\/PXL_20240727_113305801.MP_-768x1020.jpg 768w, https:\/\/schwerhoerige-bamberg.de\/wp-content\/uploads\/2024\/07\/PXL_20240727_113305801.MP_-1157x1536.jpg 1157w, https:\/\/schwerhoerige-bamberg.de\/wp-content\/uploads\/2024\/07\/PXL_20240727_113305801.MP_-1542x2048.jpg 1542w, https:\/\/schwerhoerige-bamberg.de\/wp-content\/uploads\/2024\/07\/PXL_20240727_113305801.MP_-113x150.jpg 113w, https:\/\/schwerhoerige-bamberg.de\/wp-content\/uploads\/2024\/07\/PXL_20240727_113305801.MP_-scaled.jpg 1928w\" sizes=\"auto, (max-width: 226px) 100vw, 226px\" \/><\/p>\n<p>Den Nachmittag verbrachten wir in Gotha. Zur Auswahl standen zwei Erlebnisrundg\u00e4nge: &#8222;Wenn die Herzogin plaudert&#8230;&#8220; oder &#8222;Rundgang mit der Magd Marie&#8220;.\u00a0 Unsere Stadtf\u00fchrerinnen waren in historische Kost\u00fcme gekleidet. So lernten wir in unterhaltsamer Weise das fr\u00fchere Leben am Hofe, in den B\u00fcrgerh\u00e4usern und der Menschen, die darin lebten kennen.<\/p>\n<p><img loading=\"lazy\" decoding=\"async\" class=\"wp-image-1281 aligncenter\" src=\"https:\/\/schwerhoerige-bamberg.de\/wp-content\/uploads\/2024\/07\/PXL_20240727_131706196.MP_-300x226.jpg\" alt=\"\" width=\"598\" height=\"450\" srcset=\"https:\/\/schwerhoerige-bamberg.de\/wp-content\/uploads\/2024\/07\/PXL_20240727_131706196.MP_-300x226.jpg 300w, https:\/\/schwerhoerige-bamberg.de\/wp-content\/uploads\/2024\/07\/PXL_20240727_131706196.MP_-644x485.jpg 644w, https:\/\/schwerhoerige-bamberg.de\/wp-content\/uploads\/2024\/07\/PXL_20240727_131706196.MP_-768x578.jpg 768w, https:\/\/schwerhoerige-bamberg.de\/wp-content\/uploads\/2024\/07\/PXL_20240727_131706196.MP_-1536x1157.jpg 1536w, https:\/\/schwerhoerige-bamberg.de\/wp-content\/uploads\/2024\/07\/PXL_20240727_131706196.MP_-2048x1542.jpg 2048w, https:\/\/schwerhoerige-bamberg.de\/wp-content\/uploads\/2024\/07\/PXL_20240727_131706196.MP_-150x113.jpg 150w\" sizes=\"auto, (max-width: 598px) 100vw, 598px\" \/><\/p>\n<p>Nach dem Abendessen im Hotel am Schlosspark in Gotha traten wir die Heimreise im str\u00f6menden Regen, aber mit Sonne im Herzen, gut gelaunt und dankbar f\u00fcr den ereignisreichen Tag an.<\/p>\n","protected":false},"excerpt":{"rendered":"<p>&#8222;Th\u00fcringen f\u00fcr Entdecker&#8220; war das Motto des Tagesausfluges der Selbsthilfegruppe OhrRing am 27.07.2024. Erste Station unserer Reise war das Sch\u00f6nstattzentrum in Friedrichroda. Hier wurden wir von Schwester Judith und Schwester Kirstin mit r\u00fchrender Herzlichkeit empfangen. In der Kapelle des Hauses Waldfrieden berichtete Schwester Kirstin von der segensreichen Wirkung der Gemeinschaft in Friedrichroda und von der besonderen Ausstrahlung der Waldkapelle, die als Ort der Besinnung und der Ruhe von zahlreichen Pilgern aufgesucht wird.\u00a0 In der Andacht wies auch unser H\u00f6rgesch\u00e4digtenseelsorger Albin Zeck auf die Bedeutung des Ortes hin und erinnerte an die friedlichen Demonstrationen in den letzten Jahren der &#8222;DDR&#8220;, die\u2026<\/p>\n<p> <a class=\"continue-reading-link\" href=\"https:\/\/schwerhoerige-bamberg.de\/?p=1266\"><span>weiterlesen &#8230;<\/span><i class=\"crycon-right-dir\"><\/i><\/a> <\/p>\n","protected":false},"author":2,"featured_media":0,"comment_status":"closed","ping_status":"closed","sticky":false,"template":"","format":"standard","meta":{"footnotes":""},"categories":[21],"tags":[],"class_list":["post-1266","post","type-post","status-publish","format-standard","hentry","category-tagesfahrten"],"_links":{"self":[{"href":"https:\/\/schwerhoerige-bamberg.de\/index.php?rest_route=\/wp\/v2\/posts\/1266","targetHints":{"allow":["GET"]}}],"collection":[{"href":"https:\/\/schwerhoerige-bamberg.de\/index.php?rest_route=\/wp\/v2\/posts"}],"about":[{"href":"https:\/\/schwerhoerige-bamberg.de\/index.php?rest_route=\/wp\/v2\/types\/post"}],"author":[{"embeddable":true,"href":"https:\/\/schwerhoerige-bamberg.de\/index.php?rest_route=\/wp\/v2\/users\/2"}],"replies":[{"embeddable":true,"href":"https:\/\/schwerhoerige-bamberg.de\/index.php?rest_route=%2Fwp%2Fv2%2Fcomments&post=1266"}],"version-history":[{"count":9,"href":"https:\/\/schwerhoerige-bamberg.de\/index.php?rest_route=\/wp\/v2\/posts\/1266\/revisions"}],"predecessor-version":[{"id":1290,"href":"https:\/\/schwerhoerige-bamberg.de\/index.php?rest_route=\/wp\/v2\/posts\/1266\/revisions\/1290"}],"wp:attachment":[{"href":"https:\/\/schwerhoerige-bamberg.de\/index.php?rest_route=%2Fwp%2Fv2%2Fmedia&parent=1266"}],"wp:term":[{"taxonomy":"category","embeddable":true,"href":"https:\/\/schwerhoerige-bamberg.de\/index.php?rest_route=%2Fwp%2Fv2%2Fcategories&post=1266"},{"taxonomy":"post_tag","embeddable":true,"href":"https:\/\/schwerhoerige-bamberg.de\/index.php?rest_route=%2Fwp%2Fv2%2Ftags&post=1266"}],"curies":[{"name":"wp","href":"https:\/\/api.w.org\/{rel}","templated":true}]}}