{"id":1352,"date":"2025-07-27T15:12:19","date_gmt":"2025-07-27T13:12:19","guid":{"rendered":"https:\/\/schwerhoerige-bamberg.de\/?p=1352"},"modified":"2025-07-28T11:37:15","modified_gmt":"2025-07-28T09:37:15","slug":"ausflug-nach-marienbad","status":"publish","type":"post","link":"https:\/\/schwerhoerige-bamberg.de\/?p=1352","title":{"rendered":"Ausflug nach Marienbad"},"content":{"rendered":"<h4>Unser Tagesausflug 2025 f\u00fchrte uns am 26. Juli 2025 nach Marienbad (Tschechien).<\/h4>\n<p>&nbsp;<\/p>\n<p>Erste Station der Busfahrt war Waldsassen. In der herrlichen Kappl-Kirche hielt H\u00f6rgesch\u00e4digtenseelsorger Albin Zeck eine kurze Andacht. Passend zur herrlichen Barockkirche, die der Hl. Dreifaltigkeit gewidmet wurde, konnten wir hier auf seine Anregung hin mit einem aus drei Gruppen aufsteigenden vielstimmigen Summton der dreigestaltigen g\u00f6ttlichen Einheit nachsp\u00fcren. In der wunderbaren Akustik der Kirche war das eine einmalige Erfahrung!<\/p>\n<p><img loading=\"lazy\" decoding=\"async\" class=\"alignnone size-medium wp-image-1353\" src=\"https:\/\/schwerhoerige-bamberg.de\/wp-content\/uploads\/2025\/07\/WhatsApp-Bild-2025-07-26-um-19.08.05_cbb9116c-264x300.jpg\" alt=\"\" width=\"264\" height=\"300\" srcset=\"https:\/\/schwerhoerige-bamberg.de\/wp-content\/uploads\/2025\/07\/WhatsApp-Bild-2025-07-26-um-19.08.05_cbb9116c-264x300.jpg 264w, https:\/\/schwerhoerige-bamberg.de\/wp-content\/uploads\/2025\/07\/WhatsApp-Bild-2025-07-26-um-19.08.05_cbb9116c-644x731.jpg 644w, https:\/\/schwerhoerige-bamberg.de\/wp-content\/uploads\/2025\/07\/WhatsApp-Bild-2025-07-26-um-19.08.05_cbb9116c-768x872.jpg 768w, https:\/\/schwerhoerige-bamberg.de\/wp-content\/uploads\/2025\/07\/WhatsApp-Bild-2025-07-26-um-19.08.05_cbb9116c-132x150.jpg 132w, https:\/\/schwerhoerige-bamberg.de\/wp-content\/uploads\/2025\/07\/WhatsApp-Bild-2025-07-26-um-19.08.05_cbb9116c.jpg 1210w\" sizes=\"auto, (max-width: 264px) 100vw, 264px\" \/>\u00a0 \u00a0 \u00a0 \u00a0<img loading=\"lazy\" decoding=\"async\" class=\"alignnone wp-image-1355\" src=\"https:\/\/schwerhoerige-bamberg.de\/wp-content\/uploads\/2025\/07\/PXL_20250726_071310711-300x226.jpg\" alt=\"\" width=\"392\" height=\"295\" srcset=\"https:\/\/schwerhoerige-bamberg.de\/wp-content\/uploads\/2025\/07\/PXL_20250726_071310711-300x226.jpg 300w, https:\/\/schwerhoerige-bamberg.de\/wp-content\/uploads\/2025\/07\/PXL_20250726_071310711-644x485.jpg 644w, https:\/\/schwerhoerige-bamberg.de\/wp-content\/uploads\/2025\/07\/PXL_20250726_071310711-768x578.jpg 768w, https:\/\/schwerhoerige-bamberg.de\/wp-content\/uploads\/2025\/07\/PXL_20250726_071310711-1536x1157.jpg 1536w, https:\/\/schwerhoerige-bamberg.de\/wp-content\/uploads\/2025\/07\/PXL_20250726_071310711-2048x1542.jpg 2048w, https:\/\/schwerhoerige-bamberg.de\/wp-content\/uploads\/2025\/07\/PXL_20250726_071310711-150x113.jpg 150w\" sizes=\"auto, (max-width: 392px) 100vw, 392px\" \/><\/p>\n<p>In Marienbad lernten wir im Rahmen einer deutschsprachigen Stadtf\u00fchrung die Geschichte des b\u00f6hmischen Kurortes kennen und bewunderten die herrlichen Prachtbauten der Stadt. Aus den 160 Thermalquellen in und um Marienbad sprudeln Heilwasser unterschiedlicher Geschmackrichtung und Heilqualit\u00e4t, je nachdem, welches Gestein das Wasser auf dem Weg nach oben durchquert. Der Wettergott war uns gn\u00e4dig und der angek\u00fcndigte Starkregen lie\u00df noch auf sich warten, bis wir wieder in den Bus stiegen.<\/p>\n<p><img loading=\"lazy\" decoding=\"async\" class=\"wp-image-1358 aligncenter\" src=\"https:\/\/schwerhoerige-bamberg.de\/wp-content\/uploads\/2025\/07\/PXL_20250726_1009378232-300x262.jpg\" alt=\"\" width=\"579\" height=\"506\" srcset=\"https:\/\/schwerhoerige-bamberg.de\/wp-content\/uploads\/2025\/07\/PXL_20250726_1009378232-300x262.jpg 300w, https:\/\/schwerhoerige-bamberg.de\/wp-content\/uploads\/2025\/07\/PXL_20250726_1009378232-644x562.jpg 644w, https:\/\/schwerhoerige-bamberg.de\/wp-content\/uploads\/2025\/07\/PXL_20250726_1009378232-768x670.jpg 768w, https:\/\/schwerhoerige-bamberg.de\/wp-content\/uploads\/2025\/07\/PXL_20250726_1009378232-1536x1339.jpg 1536w, https:\/\/schwerhoerige-bamberg.de\/wp-content\/uploads\/2025\/07\/PXL_20250726_1009378232-2048x1786.jpg 2048w, https:\/\/schwerhoerige-bamberg.de\/wp-content\/uploads\/2025\/07\/PXL_20250726_1009378232-150x131.jpg 150w\" sizes=\"auto, (max-width: 579px) 100vw, 579px\" \/><\/p>\n<p>Unser n\u00e4chstes Ziel war Schloss K\u00f6nigswart. In der Sommerresidenz des F\u00fcrsten Metternich bewunderten wir die prachtvolle Einrichtung<\/p>\n<p>.<img loading=\"lazy\" decoding=\"async\" class=\"alignnone wp-image-1360\" src=\"https:\/\/schwerhoerige-bamberg.de\/wp-content\/uploads\/2025\/07\/PXL_20250726_141026660-300x226.jpg\" alt=\"\" width=\"338\" height=\"255\" srcset=\"https:\/\/schwerhoerige-bamberg.de\/wp-content\/uploads\/2025\/07\/PXL_20250726_141026660-300x226.jpg 300w, https:\/\/schwerhoerige-bamberg.de\/wp-content\/uploads\/2025\/07\/PXL_20250726_141026660-644x485.jpg 644w, https:\/\/schwerhoerige-bamberg.de\/wp-content\/uploads\/2025\/07\/PXL_20250726_141026660-768x578.jpg 768w, https:\/\/schwerhoerige-bamberg.de\/wp-content\/uploads\/2025\/07\/PXL_20250726_141026660-1536x1157.jpg 1536w, https:\/\/schwerhoerige-bamberg.de\/wp-content\/uploads\/2025\/07\/PXL_20250726_141026660-2048x1542.jpg 2048w, https:\/\/schwerhoerige-bamberg.de\/wp-content\/uploads\/2025\/07\/PXL_20250726_141026660-150x113.jpg 150w\" sizes=\"auto, (max-width: 338px) 100vw, 338px\" \/>\u00a0 \u00a0 \u00a0 <img loading=\"lazy\" decoding=\"async\" class=\"alignnone wp-image-1361\" src=\"https:\/\/schwerhoerige-bamberg.de\/wp-content\/uploads\/2025\/07\/PXL_20250726_135958443-300x226.jpg\" alt=\"\" width=\"338\" height=\"255\" srcset=\"https:\/\/schwerhoerige-bamberg.de\/wp-content\/uploads\/2025\/07\/PXL_20250726_135958443-300x226.jpg 300w, https:\/\/schwerhoerige-bamberg.de\/wp-content\/uploads\/2025\/07\/PXL_20250726_135958443-644x485.jpg 644w, https:\/\/schwerhoerige-bamberg.de\/wp-content\/uploads\/2025\/07\/PXL_20250726_135958443-768x578.jpg 768w, https:\/\/schwerhoerige-bamberg.de\/wp-content\/uploads\/2025\/07\/PXL_20250726_135958443-1536x1157.jpg 1536w, https:\/\/schwerhoerige-bamberg.de\/wp-content\/uploads\/2025\/07\/PXL_20250726_135958443-2048x1542.jpg 2048w, https:\/\/schwerhoerige-bamberg.de\/wp-content\/uploads\/2025\/07\/PXL_20250726_135958443-150x113.jpg 150w\" sizes=\"auto, (max-width: 338px) 100vw, 338px\" \/><\/p>\n<p>Nach so viel Anstrengung verdienten wir ein k\u00fchles Bier! Dieses tranken wir im Kellergew\u00f6lbe der traditionsreichen Familienbrauerei Chodovar und st\u00e4rkten uns vor der Heimfahrt noch mit einem typisch b\u00f6hmischen Abendessen.<\/p>\n<p><img loading=\"lazy\" decoding=\"async\" class=\"alignnone wp-image-1363\" src=\"https:\/\/schwerhoerige-bamberg.de\/wp-content\/uploads\/2025\/07\/PXL_20250726_153704053-300x226.jpg\" alt=\"\" width=\"339\" height=\"256\" srcset=\"https:\/\/schwerhoerige-bamberg.de\/wp-content\/uploads\/2025\/07\/PXL_20250726_153704053-300x226.jpg 300w, https:\/\/schwerhoerige-bamberg.de\/wp-content\/uploads\/2025\/07\/PXL_20250726_153704053-644x485.jpg 644w, https:\/\/schwerhoerige-bamberg.de\/wp-content\/uploads\/2025\/07\/PXL_20250726_153704053-768x578.jpg 768w, https:\/\/schwerhoerige-bamberg.de\/wp-content\/uploads\/2025\/07\/PXL_20250726_153704053-1536x1157.jpg 1536w, https:\/\/schwerhoerige-bamberg.de\/wp-content\/uploads\/2025\/07\/PXL_20250726_153704053-2048x1542.jpg 2048w, https:\/\/schwerhoerige-bamberg.de\/wp-content\/uploads\/2025\/07\/PXL_20250726_153704053-150x113.jpg 150w\" sizes=\"auto, (max-width: 339px) 100vw, 339px\" \/>\u00a0 \u00a0 \u00a0 <img loading=\"lazy\" decoding=\"async\" class=\"alignnone wp-image-1362\" src=\"https:\/\/schwerhoerige-bamberg.de\/wp-content\/uploads\/2025\/07\/PXL_20250726_153658872-300x226.jpg\" alt=\"\" width=\"337\" height=\"254\" srcset=\"https:\/\/schwerhoerige-bamberg.de\/wp-content\/uploads\/2025\/07\/PXL_20250726_153658872-300x226.jpg 300w, https:\/\/schwerhoerige-bamberg.de\/wp-content\/uploads\/2025\/07\/PXL_20250726_153658872-644x485.jpg 644w, https:\/\/schwerhoerige-bamberg.de\/wp-content\/uploads\/2025\/07\/PXL_20250726_153658872-768x578.jpg 768w, https:\/\/schwerhoerige-bamberg.de\/wp-content\/uploads\/2025\/07\/PXL_20250726_153658872-1536x1157.jpg 1536w, https:\/\/schwerhoerige-bamberg.de\/wp-content\/uploads\/2025\/07\/PXL_20250726_153658872-2048x1542.jpg 2048w, https:\/\/schwerhoerige-bamberg.de\/wp-content\/uploads\/2025\/07\/PXL_20250726_153658872-150x113.jpg 150w\" sizes=\"auto, (max-width: 337px) 100vw, 337px\" \/><\/p>\n<p>Die Mitreisenden dankten Margit Gamberoni f\u00fcr die Organisation des Tagesausfluges. In der OhrRing-WhatsApp-Gruppe wurden Fotos ausgetauscht. Ein Teilnehmer schrieb: \u201eEs war ein wunderbarer, erlebnisreicher Tag und eine Wohltat f\u00fcr Leib und Seele.&#8220;<\/p>\n","protected":false},"excerpt":{"rendered":"<p>Unser Tagesausflug 2025 f\u00fchrte uns am 26. Juli 2025 nach Marienbad (Tschechien). &nbsp; Erste Station der Busfahrt war Waldsassen. In der herrlichen Kappl-Kirche hielt H\u00f6rgesch\u00e4digtenseelsorger Albin Zeck eine kurze Andacht. Passend zur herrlichen Barockkirche, die der Hl. Dreifaltigkeit gewidmet wurde, konnten wir hier auf seine Anregung hin mit einem aus drei Gruppen aufsteigenden vielstimmigen Summton der dreigestaltigen g\u00f6ttlichen Einheit nachsp\u00fcren. In der wunderbaren Akustik der Kirche war das eine einmalige Erfahrung! \u00a0 \u00a0 \u00a0 \u00a0 In Marienbad lernten wir im Rahmen einer deutschsprachigen Stadtf\u00fchrung die Geschichte des b\u00f6hmischen Kurortes kennen und bewunderten die herrlichen Prachtbauten der Stadt. Aus den 160\u2026<\/p>\n<p> <a class=\"continue-reading-link\" href=\"https:\/\/schwerhoerige-bamberg.de\/?p=1352\"><span>weiterlesen &#8230;<\/span><i class=\"crycon-right-dir\"><\/i><\/a> <\/p>\n","protected":false},"author":2,"featured_media":0,"comment_status":"closed","ping_status":"closed","sticky":false,"template":"","format":"standard","meta":{"footnotes":""},"categories":[21],"tags":[],"class_list":["post-1352","post","type-post","status-publish","format-standard","hentry","category-tagesfahrten"],"_links":{"self":[{"href":"https:\/\/schwerhoerige-bamberg.de\/index.php?rest_route=\/wp\/v2\/posts\/1352","targetHints":{"allow":["GET"]}}],"collection":[{"href":"https:\/\/schwerhoerige-bamberg.de\/index.php?rest_route=\/wp\/v2\/posts"}],"about":[{"href":"https:\/\/schwerhoerige-bamberg.de\/index.php?rest_route=\/wp\/v2\/types\/post"}],"author":[{"embeddable":true,"href":"https:\/\/schwerhoerige-bamberg.de\/index.php?rest_route=\/wp\/v2\/users\/2"}],"replies":[{"embeddable":true,"href":"https:\/\/schwerhoerige-bamberg.de\/index.php?rest_route=%2Fwp%2Fv2%2Fcomments&post=1352"}],"version-history":[{"count":5,"href":"https:\/\/schwerhoerige-bamberg.de\/index.php?rest_route=\/wp\/v2\/posts\/1352\/revisions"}],"predecessor-version":[{"id":1368,"href":"https:\/\/schwerhoerige-bamberg.de\/index.php?rest_route=\/wp\/v2\/posts\/1352\/revisions\/1368"}],"wp:attachment":[{"href":"https:\/\/schwerhoerige-bamberg.de\/index.php?rest_route=%2Fwp%2Fv2%2Fmedia&parent=1352"}],"wp:term":[{"taxonomy":"category","embeddable":true,"href":"https:\/\/schwerhoerige-bamberg.de\/index.php?rest_route=%2Fwp%2Fv2%2Fcategories&post=1352"},{"taxonomy":"post_tag","embeddable":true,"href":"https:\/\/schwerhoerige-bamberg.de\/index.php?rest_route=%2Fwp%2Fv2%2Ftags&post=1352"}],"curies":[{"name":"wp","href":"https:\/\/api.w.org\/{rel}","templated":true}]}}