{"id":1383,"date":"2025-12-11T17:49:36","date_gmt":"2025-12-11T16:49:36","guid":{"rendered":"https:\/\/schwerhoerige-bamberg.de\/?p=1383"},"modified":"2025-12-11T17:49:36","modified_gmt":"2025-12-11T16:49:36","slug":"rueckblick-auf-2025","status":"publish","type":"post","link":"https:\/\/schwerhoerige-bamberg.de\/?p=1383","title":{"rendered":"R\u00fcckblick auf 2025"},"content":{"rendered":"<h3>Wie schnell die Zeit vergeht!<\/h3>\n<p>Bei unserer Weihnachtsfeier am 10. Dez. 2025 blickten wir auf ein ereignisreiches Jahr zur\u00fcck.<\/p>\n<p>Am 12. Febr. 2025 stellten Frau Claudia Correnz-von Erdmannsorff und\u00a0 Frau Andrea Pfadenhauer von der Firma KIND das Konzept der wohnortnahen technischen Nachsorge f\u00fcr CI- bzw. H\u00f6rimplantat-Tr\u00e4ger vor.<\/p>\n<p>Am 12. M\u00e4rz 2025 h\u00f6rten wir einen Vortrag von Frau Kathrin Hofmann (Praxis f\u00fcr Logop\u00e4die Eva Bauer) mit dem Titel: &#8222;Tinnitus verstehen: Entstehung und Behandlungsbausteine.&#8220;<\/p>\n<p>Ein Vogelstimmen-Spaziergang mit Frau Ulrike K\u00e4stle erfreute uns am 26. M\u00e4rz 2026.<\/p>\n<p><img loading=\"lazy\" decoding=\"async\" class=\"alignnone  wp-image-1384\" src=\"https:\/\/schwerhoerige-bamberg.de\/wp-content\/uploads\/2025\/12\/trashed-1742027036-PXL_20250212_165151616-300x226.jpg\" alt=\"\" width=\"323\" height=\"243\" srcset=\"https:\/\/schwerhoerige-bamberg.de\/wp-content\/uploads\/2025\/12\/trashed-1742027036-PXL_20250212_165151616-300x226.jpg 300w, https:\/\/schwerhoerige-bamberg.de\/wp-content\/uploads\/2025\/12\/trashed-1742027036-PXL_20250212_165151616-644x485.jpg 644w, https:\/\/schwerhoerige-bamberg.de\/wp-content\/uploads\/2025\/12\/trashed-1742027036-PXL_20250212_165151616-768x578.jpg 768w, https:\/\/schwerhoerige-bamberg.de\/wp-content\/uploads\/2025\/12\/trashed-1742027036-PXL_20250212_165151616-1536x1157.jpg 1536w, https:\/\/schwerhoerige-bamberg.de\/wp-content\/uploads\/2025\/12\/trashed-1742027036-PXL_20250212_165151616-2048x1542.jpg 2048w, https:\/\/schwerhoerige-bamberg.de\/wp-content\/uploads\/2025\/12\/trashed-1742027036-PXL_20250212_165151616-150x113.jpg 150w\" sizes=\"auto, (max-width: 323px) 100vw, 323px\" \/>\u00a0 <img loading=\"lazy\" decoding=\"async\" class=\"alignnone size-medium wp-image-1412\" src=\"https:\/\/schwerhoerige-bamberg.de\/wp-content\/uploads\/2025\/12\/Kathrin-Hofmann_Tinnitus_12_3_2025-88x300.jpg\" alt=\"\" width=\"88\" height=\"300\" srcset=\"https:\/\/schwerhoerige-bamberg.de\/wp-content\/uploads\/2025\/12\/Kathrin-Hofmann_Tinnitus_12_3_2025-88x300.jpg 88w, https:\/\/schwerhoerige-bamberg.de\/wp-content\/uploads\/2025\/12\/Kathrin-Hofmann_Tinnitus_12_3_2025-644x2199.jpg 644w, https:\/\/schwerhoerige-bamberg.de\/wp-content\/uploads\/2025\/12\/Kathrin-Hofmann_Tinnitus_12_3_2025-768x2622.jpg 768w, https:\/\/schwerhoerige-bamberg.de\/wp-content\/uploads\/2025\/12\/Kathrin-Hofmann_Tinnitus_12_3_2025-450x1536.jpg 450w, https:\/\/schwerhoerige-bamberg.de\/wp-content\/uploads\/2025\/12\/Kathrin-Hofmann_Tinnitus_12_3_2025-600x2048.jpg 600w, https:\/\/schwerhoerige-bamberg.de\/wp-content\/uploads\/2025\/12\/Kathrin-Hofmann_Tinnitus_12_3_2025-44x150.jpg 44w, https:\/\/schwerhoerige-bamberg.de\/wp-content\/uploads\/2025\/12\/Kathrin-Hofmann_Tinnitus_12_3_2025-scaled.jpg 750w\" sizes=\"auto, (max-width: 88px) 100vw, 88px\" \/>\u00a0 <img loading=\"lazy\" decoding=\"async\" class=\"alignnone  wp-image-1385\" src=\"https:\/\/schwerhoerige-bamberg.de\/wp-content\/uploads\/2025\/12\/PXL_20250326_160015781-300x226.jpg\" alt=\"\" width=\"312\" height=\"235\" srcset=\"https:\/\/schwerhoerige-bamberg.de\/wp-content\/uploads\/2025\/12\/PXL_20250326_160015781-300x226.jpg 300w, https:\/\/schwerhoerige-bamberg.de\/wp-content\/uploads\/2025\/12\/PXL_20250326_160015781-644x485.jpg 644w, https:\/\/schwerhoerige-bamberg.de\/wp-content\/uploads\/2025\/12\/PXL_20250326_160015781-768x578.jpg 768w, https:\/\/schwerhoerige-bamberg.de\/wp-content\/uploads\/2025\/12\/PXL_20250326_160015781-1536x1157.jpg 1536w, https:\/\/schwerhoerige-bamberg.de\/wp-content\/uploads\/2025\/12\/PXL_20250326_160015781-2048x1542.jpg 2048w, https:\/\/schwerhoerige-bamberg.de\/wp-content\/uploads\/2025\/12\/PXL_20250326_160015781-150x113.jpg 150w\" sizes=\"auto, (max-width: 312px) 100vw, 312px\" \/><\/p>\n<p>Bei einem Vortrag und anschlie\u00dfenden Workshop mit EDV-Berater Herrn Armin Wunder am 9. und 15. April 2025 lernten wir viel \u00fcber den Einsatz der K\u00fcnstlichen Intelligenz im Alltag.<\/p>\n<p><img loading=\"lazy\" decoding=\"async\" class=\"alignnone size-medium wp-image-1386\" src=\"https:\/\/schwerhoerige-bamberg.de\/wp-content\/uploads\/2025\/12\/PXL_20250409_154904886-226x300.jpg\" alt=\"\" width=\"226\" height=\"300\" srcset=\"https:\/\/schwerhoerige-bamberg.de\/wp-content\/uploads\/2025\/12\/PXL_20250409_154904886-226x300.jpg 226w, https:\/\/schwerhoerige-bamberg.de\/wp-content\/uploads\/2025\/12\/PXL_20250409_154904886-644x855.jpg 644w, https:\/\/schwerhoerige-bamberg.de\/wp-content\/uploads\/2025\/12\/PXL_20250409_154904886-768x1020.jpg 768w, https:\/\/schwerhoerige-bamberg.de\/wp-content\/uploads\/2025\/12\/PXL_20250409_154904886-1157x1536.jpg 1157w, https:\/\/schwerhoerige-bamberg.de\/wp-content\/uploads\/2025\/12\/PXL_20250409_154904886-1542x2048.jpg 1542w, https:\/\/schwerhoerige-bamberg.de\/wp-content\/uploads\/2025\/12\/PXL_20250409_154904886-113x150.jpg 113w, https:\/\/schwerhoerige-bamberg.de\/wp-content\/uploads\/2025\/12\/PXL_20250409_154904886-scaled.jpg 1928w\" sizes=\"auto, (max-width: 226px) 100vw, 226px\" \/> <img loading=\"lazy\" decoding=\"async\" class=\"alignnone size-medium wp-image-1387\" src=\"https:\/\/schwerhoerige-bamberg.de\/wp-content\/uploads\/2025\/12\/PXL_20250409_155040686-300x226.jpg\" alt=\"\" width=\"300\" height=\"226\" srcset=\"https:\/\/schwerhoerige-bamberg.de\/wp-content\/uploads\/2025\/12\/PXL_20250409_155040686-300x226.jpg 300w, https:\/\/schwerhoerige-bamberg.de\/wp-content\/uploads\/2025\/12\/PXL_20250409_155040686-644x485.jpg 644w, https:\/\/schwerhoerige-bamberg.de\/wp-content\/uploads\/2025\/12\/PXL_20250409_155040686-768x578.jpg 768w, https:\/\/schwerhoerige-bamberg.de\/wp-content\/uploads\/2025\/12\/PXL_20250409_155040686-1536x1157.jpg 1536w, https:\/\/schwerhoerige-bamberg.de\/wp-content\/uploads\/2025\/12\/PXL_20250409_155040686-2048x1542.jpg 2048w, https:\/\/schwerhoerige-bamberg.de\/wp-content\/uploads\/2025\/12\/PXL_20250409_155040686-150x113.jpg 150w\" sizes=\"auto, (max-width: 300px) 100vw, 300px\" \/> <img loading=\"lazy\" decoding=\"async\" class=\"alignnone size-medium wp-image-1388\" src=\"https:\/\/schwerhoerige-bamberg.de\/wp-content\/uploads\/2025\/12\/PXL_20250415_163359474-300x226.jpg\" alt=\"\" width=\"300\" height=\"226\" srcset=\"https:\/\/schwerhoerige-bamberg.de\/wp-content\/uploads\/2025\/12\/PXL_20250415_163359474-300x226.jpg 300w, https:\/\/schwerhoerige-bamberg.de\/wp-content\/uploads\/2025\/12\/PXL_20250415_163359474-644x485.jpg 644w, https:\/\/schwerhoerige-bamberg.de\/wp-content\/uploads\/2025\/12\/PXL_20250415_163359474-768x578.jpg 768w, https:\/\/schwerhoerige-bamberg.de\/wp-content\/uploads\/2025\/12\/PXL_20250415_163359474-1536x1157.jpg 1536w, https:\/\/schwerhoerige-bamberg.de\/wp-content\/uploads\/2025\/12\/PXL_20250415_163359474-2048x1542.jpg 2048w, https:\/\/schwerhoerige-bamberg.de\/wp-content\/uploads\/2025\/12\/PXL_20250415_163359474-150x113.jpg 150w\" sizes=\"auto, (max-width: 300px) 100vw, 300px\" \/><\/p>\n<p>Bei einer F\u00fchrung am 30. April 2025 durch Frau Katja Hagel erfuhren wir Details \u00fcber die Sehensw\u00fcrdigkeiten der Veitskapelle auf dem Ansberg. Im benachbarten Biergarten konnten wir uns anschlie\u00dfend bei Speis und Trank st\u00e4rken.<\/p>\n<p>Am 6. Juni 2025 unternahmen wir mit Herrn Jochen Frank\u00a0 eine Exkursion zu den Flederm\u00e4usen im Bamberger Hain.<\/p>\n<p><img loading=\"lazy\" decoding=\"async\" class=\"alignnone  wp-image-1389\" src=\"https:\/\/schwerhoerige-bamberg.de\/wp-content\/uploads\/2025\/12\/PXL_20250430_130913037-300x226.jpg\" alt=\"\" width=\"393\" height=\"296\" srcset=\"https:\/\/schwerhoerige-bamberg.de\/wp-content\/uploads\/2025\/12\/PXL_20250430_130913037-300x226.jpg 300w, https:\/\/schwerhoerige-bamberg.de\/wp-content\/uploads\/2025\/12\/PXL_20250430_130913037-644x485.jpg 644w, https:\/\/schwerhoerige-bamberg.de\/wp-content\/uploads\/2025\/12\/PXL_20250430_130913037-768x578.jpg 768w, https:\/\/schwerhoerige-bamberg.de\/wp-content\/uploads\/2025\/12\/PXL_20250430_130913037-1536x1157.jpg 1536w, https:\/\/schwerhoerige-bamberg.de\/wp-content\/uploads\/2025\/12\/PXL_20250430_130913037-2048x1542.jpg 2048w, https:\/\/schwerhoerige-bamberg.de\/wp-content\/uploads\/2025\/12\/PXL_20250430_130913037-150x113.jpg 150w\" sizes=\"auto, (max-width: 393px) 100vw, 393px\" \/> \u00a0\u00a0\u00a0<img loading=\"lazy\" decoding=\"async\" class=\"alignnone size-medium wp-image-1390\" src=\"https:\/\/schwerhoerige-bamberg.de\/wp-content\/uploads\/2025\/12\/Naturfuehrung-Fledermaeue-2025-226x300.jpg\" alt=\"\" width=\"226\" height=\"300\" srcset=\"https:\/\/schwerhoerige-bamberg.de\/wp-content\/uploads\/2025\/12\/Naturfuehrung-Fledermaeue-2025-226x300.jpg 226w, https:\/\/schwerhoerige-bamberg.de\/wp-content\/uploads\/2025\/12\/Naturfuehrung-Fledermaeue-2025-644x855.jpg 644w, https:\/\/schwerhoerige-bamberg.de\/wp-content\/uploads\/2025\/12\/Naturfuehrung-Fledermaeue-2025-768x1020.jpg 768w, https:\/\/schwerhoerige-bamberg.de\/wp-content\/uploads\/2025\/12\/Naturfuehrung-Fledermaeue-2025-1157x1536.jpg 1157w, https:\/\/schwerhoerige-bamberg.de\/wp-content\/uploads\/2025\/12\/Naturfuehrung-Fledermaeue-2025-1542x2048.jpg 1542w, https:\/\/schwerhoerige-bamberg.de\/wp-content\/uploads\/2025\/12\/Naturfuehrung-Fledermaeue-2025-113x150.jpg 113w, https:\/\/schwerhoerige-bamberg.de\/wp-content\/uploads\/2025\/12\/Naturfuehrung-Fledermaeue-2025-scaled.jpg 1928w\" sizes=\"auto, (max-width: 226px) 100vw, 226px\" \/><\/p>\n<p>Am 11. Juni 2025 h\u00f6rten wir einen Vortrag von Frau Dr. Claudia Koschatzky, Erlangen: &#8222;Gleichgewichtsst\u00f6rungen und Schwindel: Ursachen, Behandlungskonzepte.&#8220;<\/p>\n<p>Bei unserem Monatstreff am 9. Juli 2025 sprach Frau Mechthild Decker-Maruska \u00fcber das Thema &#8222;Der schwerh\u00f6rige Patient in der Pflege&#8220;<\/p>\n<p><img loading=\"lazy\" decoding=\"async\" class=\"alignnone size-medium wp-image-1393\" src=\"https:\/\/schwerhoerige-bamberg.de\/wp-content\/uploads\/2025\/12\/IMG-20250612-WA00012-300x222.jpg\" alt=\"\" width=\"300\" height=\"222\" srcset=\"https:\/\/schwerhoerige-bamberg.de\/wp-content\/uploads\/2025\/12\/IMG-20250612-WA00012-300x222.jpg 300w, https:\/\/schwerhoerige-bamberg.de\/wp-content\/uploads\/2025\/12\/IMG-20250612-WA00012-644x477.jpg 644w, https:\/\/schwerhoerige-bamberg.de\/wp-content\/uploads\/2025\/12\/IMG-20250612-WA00012-768x569.jpg 768w, https:\/\/schwerhoerige-bamberg.de\/wp-content\/uploads\/2025\/12\/IMG-20250612-WA00012-150x111.jpg 150w, https:\/\/schwerhoerige-bamberg.de\/wp-content\/uploads\/2025\/12\/IMG-20250612-WA00012.jpg 1157w\" sizes=\"auto, (max-width: 300px) 100vw, 300px\" \/> <img loading=\"lazy\" decoding=\"async\" class=\"alignnone size-medium wp-image-1394\" src=\"https:\/\/schwerhoerige-bamberg.de\/wp-content\/uploads\/2025\/12\/9_7_2025-300x226.jpg\" alt=\"\" width=\"300\" height=\"226\" srcset=\"https:\/\/schwerhoerige-bamberg.de\/wp-content\/uploads\/2025\/12\/9_7_2025-300x226.jpg 300w, https:\/\/schwerhoerige-bamberg.de\/wp-content\/uploads\/2025\/12\/9_7_2025-644x485.jpg 644w, https:\/\/schwerhoerige-bamberg.de\/wp-content\/uploads\/2025\/12\/9_7_2025-768x578.jpg 768w, https:\/\/schwerhoerige-bamberg.de\/wp-content\/uploads\/2025\/12\/9_7_2025-1536x1156.jpg 1536w, https:\/\/schwerhoerige-bamberg.de\/wp-content\/uploads\/2025\/12\/9_7_2025-150x113.jpg 150w, https:\/\/schwerhoerige-bamberg.de\/wp-content\/uploads\/2025\/12\/9_7_2025.jpg 1600w\" sizes=\"auto, (max-width: 300px) 100vw, 300px\" \/> <img loading=\"lazy\" decoding=\"async\" class=\"alignnone  wp-image-1395\" src=\"https:\/\/schwerhoerige-bamberg.de\/wp-content\/uploads\/2025\/12\/Vortrag-Mechthild-Deckere-Maruska-9_7_2025-226x300.jpg\" alt=\"\" width=\"170\" height=\"226\" srcset=\"https:\/\/schwerhoerige-bamberg.de\/wp-content\/uploads\/2025\/12\/Vortrag-Mechthild-Deckere-Maruska-9_7_2025-226x300.jpg 226w, https:\/\/schwerhoerige-bamberg.de\/wp-content\/uploads\/2025\/12\/Vortrag-Mechthild-Deckere-Maruska-9_7_2025-644x856.jpg 644w, https:\/\/schwerhoerige-bamberg.de\/wp-content\/uploads\/2025\/12\/Vortrag-Mechthild-Deckere-Maruska-9_7_2025-768x1021.jpg 768w, https:\/\/schwerhoerige-bamberg.de\/wp-content\/uploads\/2025\/12\/Vortrag-Mechthild-Deckere-Maruska-9_7_2025-1156x1536.jpg 1156w, https:\/\/schwerhoerige-bamberg.de\/wp-content\/uploads\/2025\/12\/Vortrag-Mechthild-Deckere-Maruska-9_7_2025-113x150.jpg 113w, https:\/\/schwerhoerige-bamberg.de\/wp-content\/uploads\/2025\/12\/Vortrag-Mechthild-Deckere-Maruska-9_7_2025.jpg 1204w\" sizes=\"auto, (max-width: 170px) 100vw, 170px\" \/><\/p>\n<p>So macht H\u00f6rtraining Spa\u00df! Mit Herrn Marcus Bauer \u00fcbten wir am 16. Juli 2025 Verstehen in Bewegung (Motop\u00e4die), am 24. Sept. bot uns Frau Eva Bauer ein Musik-H\u00f6rtraining und am 5. Nov. 2025\u00a0 ein klassisches H\u00f6rtraining mit M\u00e4rchen an.<\/p>\n<p><img loading=\"lazy\" decoding=\"async\" class=\"alignnone size-medium wp-image-1396\" src=\"https:\/\/schwerhoerige-bamberg.de\/wp-content\/uploads\/2025\/12\/PXL_20250716_163017277-300x226.jpg\" alt=\"\" width=\"300\" height=\"226\" srcset=\"https:\/\/schwerhoerige-bamberg.de\/wp-content\/uploads\/2025\/12\/PXL_20250716_163017277-300x226.jpg 300w, https:\/\/schwerhoerige-bamberg.de\/wp-content\/uploads\/2025\/12\/PXL_20250716_163017277-644x485.jpg 644w, https:\/\/schwerhoerige-bamberg.de\/wp-content\/uploads\/2025\/12\/PXL_20250716_163017277-768x578.jpg 768w, https:\/\/schwerhoerige-bamberg.de\/wp-content\/uploads\/2025\/12\/PXL_20250716_163017277-1536x1157.jpg 1536w, https:\/\/schwerhoerige-bamberg.de\/wp-content\/uploads\/2025\/12\/PXL_20250716_163017277-2048x1542.jpg 2048w, https:\/\/schwerhoerige-bamberg.de\/wp-content\/uploads\/2025\/12\/PXL_20250716_163017277-150x113.jpg 150w\" sizes=\"auto, (max-width: 300px) 100vw, 300px\" \/> <img loading=\"lazy\" decoding=\"async\" class=\"alignnone  wp-image-1398\" src=\"https:\/\/schwerhoerige-bamberg.de\/wp-content\/uploads\/2025\/12\/Marcus-Bauer_Motopaedie_16_7_2025-226x300.jpg\" alt=\"\" width=\"170\" height=\"226\" srcset=\"https:\/\/schwerhoerige-bamberg.de\/wp-content\/uploads\/2025\/12\/Marcus-Bauer_Motopaedie_16_7_2025-226x300.jpg 226w, https:\/\/schwerhoerige-bamberg.de\/wp-content\/uploads\/2025\/12\/Marcus-Bauer_Motopaedie_16_7_2025-644x856.jpg 644w, https:\/\/schwerhoerige-bamberg.de\/wp-content\/uploads\/2025\/12\/Marcus-Bauer_Motopaedie_16_7_2025-768x1021.jpg 768w, https:\/\/schwerhoerige-bamberg.de\/wp-content\/uploads\/2025\/12\/Marcus-Bauer_Motopaedie_16_7_2025-1156x1536.jpg 1156w, https:\/\/schwerhoerige-bamberg.de\/wp-content\/uploads\/2025\/12\/Marcus-Bauer_Motopaedie_16_7_2025-113x150.jpg 113w, https:\/\/schwerhoerige-bamberg.de\/wp-content\/uploads\/2025\/12\/Marcus-Bauer_Motopaedie_16_7_2025.jpg 1204w\" sizes=\"auto, (max-width: 170px) 100vw, 170px\" \/>\u00a0<img loading=\"lazy\" decoding=\"async\" class=\"alignnone size-medium wp-image-1397\" src=\"https:\/\/schwerhoerige-bamberg.de\/wp-content\/uploads\/2025\/12\/PXL_20251105_170911762-300x226.jpg\" alt=\"\" width=\"300\" height=\"226\" srcset=\"https:\/\/schwerhoerige-bamberg.de\/wp-content\/uploads\/2025\/12\/PXL_20251105_170911762-300x226.jpg 300w, https:\/\/schwerhoerige-bamberg.de\/wp-content\/uploads\/2025\/12\/PXL_20251105_170911762-644x485.jpg 644w, https:\/\/schwerhoerige-bamberg.de\/wp-content\/uploads\/2025\/12\/PXL_20251105_170911762-768x578.jpg 768w, https:\/\/schwerhoerige-bamberg.de\/wp-content\/uploads\/2025\/12\/PXL_20251105_170911762-1536x1157.jpg 1536w, https:\/\/schwerhoerige-bamberg.de\/wp-content\/uploads\/2025\/12\/PXL_20251105_170911762-2048x1542.jpg 2048w, https:\/\/schwerhoerige-bamberg.de\/wp-content\/uploads\/2025\/12\/PXL_20251105_170911762-150x113.jpg 150w\" sizes=\"auto, (max-width: 300px) 100vw, 300px\" \/><\/p>\n<p>Unser diesj\u00e4hriger Tagesausflug f\u00fchrte uns am 26. Juli 2025 nach Waldsassen, Marienbad, Schloss K\u00f6nigswart und Chodovar.<\/p>\n<p><img loading=\"lazy\" decoding=\"async\" class=\"alignnone  wp-image-1402\" src=\"https:\/\/schwerhoerige-bamberg.de\/wp-content\/uploads\/2025\/12\/PXL_20250726_071314390-300x226.jpg\" alt=\"\" width=\"315\" height=\"237\" srcset=\"https:\/\/schwerhoerige-bamberg.de\/wp-content\/uploads\/2025\/12\/PXL_20250726_071314390-300x226.jpg 300w, https:\/\/schwerhoerige-bamberg.de\/wp-content\/uploads\/2025\/12\/PXL_20250726_071314390-644x485.jpg 644w, https:\/\/schwerhoerige-bamberg.de\/wp-content\/uploads\/2025\/12\/PXL_20250726_071314390-768x578.jpg 768w, https:\/\/schwerhoerige-bamberg.de\/wp-content\/uploads\/2025\/12\/PXL_20250726_071314390-1536x1157.jpg 1536w, https:\/\/schwerhoerige-bamberg.de\/wp-content\/uploads\/2025\/12\/PXL_20250726_071314390-2048x1542.jpg 2048w, https:\/\/schwerhoerige-bamberg.de\/wp-content\/uploads\/2025\/12\/PXL_20250726_071314390-150x113.jpg 150w\" sizes=\"auto, (max-width: 315px) 100vw, 315px\" \/>\u00a0 <img loading=\"lazy\" decoding=\"async\" class=\"alignnone  wp-image-1399\" src=\"https:\/\/schwerhoerige-bamberg.de\/wp-content\/uploads\/2025\/12\/PXL_20250726_1009378232-300x262.jpg\" alt=\"\" width=\"275\" height=\"240\" srcset=\"https:\/\/schwerhoerige-bamberg.de\/wp-content\/uploads\/2025\/12\/PXL_20250726_1009378232-300x262.jpg 300w, https:\/\/schwerhoerige-bamberg.de\/wp-content\/uploads\/2025\/12\/PXL_20250726_1009378232-644x562.jpg 644w, https:\/\/schwerhoerige-bamberg.de\/wp-content\/uploads\/2025\/12\/PXL_20250726_1009378232-768x670.jpg 768w, https:\/\/schwerhoerige-bamberg.de\/wp-content\/uploads\/2025\/12\/PXL_20250726_1009378232-1536x1339.jpg 1536w, https:\/\/schwerhoerige-bamberg.de\/wp-content\/uploads\/2025\/12\/PXL_20250726_1009378232-2048x1786.jpg 2048w, https:\/\/schwerhoerige-bamberg.de\/wp-content\/uploads\/2025\/12\/PXL_20250726_1009378232-150x131.jpg 150w\" sizes=\"auto, (max-width: 275px) 100vw, 275px\" \/>\u00a0\u00a0<img loading=\"lazy\" decoding=\"async\" class=\"alignnone size-medium wp-image-1403\" src=\"https:\/\/schwerhoerige-bamberg.de\/wp-content\/uploads\/2025\/12\/PXL_20250726_140405675-300x226.jpg\" alt=\"\" width=\"300\" height=\"226\" srcset=\"https:\/\/schwerhoerige-bamberg.de\/wp-content\/uploads\/2025\/12\/PXL_20250726_140405675-300x226.jpg 300w, https:\/\/schwerhoerige-bamberg.de\/wp-content\/uploads\/2025\/12\/PXL_20250726_140405675-644x485.jpg 644w, https:\/\/schwerhoerige-bamberg.de\/wp-content\/uploads\/2025\/12\/PXL_20250726_140405675-768x578.jpg 768w, https:\/\/schwerhoerige-bamberg.de\/wp-content\/uploads\/2025\/12\/PXL_20250726_140405675-1536x1157.jpg 1536w, https:\/\/schwerhoerige-bamberg.de\/wp-content\/uploads\/2025\/12\/PXL_20250726_140405675-2048x1542.jpg 2048w, https:\/\/schwerhoerige-bamberg.de\/wp-content\/uploads\/2025\/12\/PXL_20250726_140405675-150x113.jpg 150w\" sizes=\"auto, (max-width: 300px) 100vw, 300px\" \/><img loading=\"lazy\" decoding=\"async\" class=\"alignnone size-medium wp-image-1401\" src=\"https:\/\/schwerhoerige-bamberg.de\/wp-content\/uploads\/2025\/12\/PXL_20250726_153704053-300x226.jpg\" alt=\"\" width=\"300\" height=\"226\" srcset=\"https:\/\/schwerhoerige-bamberg.de\/wp-content\/uploads\/2025\/12\/PXL_20250726_153704053-300x226.jpg 300w, https:\/\/schwerhoerige-bamberg.de\/wp-content\/uploads\/2025\/12\/PXL_20250726_153704053-644x485.jpg 644w, https:\/\/schwerhoerige-bamberg.de\/wp-content\/uploads\/2025\/12\/PXL_20250726_153704053-768x578.jpg 768w, https:\/\/schwerhoerige-bamberg.de\/wp-content\/uploads\/2025\/12\/PXL_20250726_153704053-1536x1157.jpg 1536w, https:\/\/schwerhoerige-bamberg.de\/wp-content\/uploads\/2025\/12\/PXL_20250726_153704053-2048x1542.jpg 2048w, https:\/\/schwerhoerige-bamberg.de\/wp-content\/uploads\/2025\/12\/PXL_20250726_153704053-150x113.jpg 150w\" sizes=\"auto, (max-width: 300px) 100vw, 300px\" \/><\/p>\n<p>Am 10. Sept. 2025 hielt 2. Gruppensprecher Reiner Hofmann einen interessanten Vortrag mit dem Titel &#8222;Demenz erkennen und von Schwerh\u00f6rigkeit unterscheiden. Tipps f\u00fcr den Umgang mit Menschen mit Demenz&#8220;<\/p>\n<p>Am 12. November stellte Herr Timo Wolf Produktneuheiten der Firma Advanced Bionics, die Roger Zusatztechnik und das H\u00f6rtrainingsprogramm der Firma AB vor.<\/p>\n<p><img loading=\"lazy\" decoding=\"async\" class=\"alignnone size-medium wp-image-1404\" src=\"https:\/\/schwerhoerige-bamberg.de\/wp-content\/uploads\/2025\/12\/Vortrag-Reiner-Hofmann-Demenz-8_9_2025-226x300.jpg\" alt=\"\" width=\"226\" height=\"300\" srcset=\"https:\/\/schwerhoerige-bamberg.de\/wp-content\/uploads\/2025\/12\/Vortrag-Reiner-Hofmann-Demenz-8_9_2025-226x300.jpg 226w, https:\/\/schwerhoerige-bamberg.de\/wp-content\/uploads\/2025\/12\/Vortrag-Reiner-Hofmann-Demenz-8_9_2025-644x855.jpg 644w, https:\/\/schwerhoerige-bamberg.de\/wp-content\/uploads\/2025\/12\/Vortrag-Reiner-Hofmann-Demenz-8_9_2025-768x1020.jpg 768w, https:\/\/schwerhoerige-bamberg.de\/wp-content\/uploads\/2025\/12\/Vortrag-Reiner-Hofmann-Demenz-8_9_2025-1157x1536.jpg 1157w, https:\/\/schwerhoerige-bamberg.de\/wp-content\/uploads\/2025\/12\/Vortrag-Reiner-Hofmann-Demenz-8_9_2025-1542x2048.jpg 1542w, https:\/\/schwerhoerige-bamberg.de\/wp-content\/uploads\/2025\/12\/Vortrag-Reiner-Hofmann-Demenz-8_9_2025-113x150.jpg 113w, https:\/\/schwerhoerige-bamberg.de\/wp-content\/uploads\/2025\/12\/Vortrag-Reiner-Hofmann-Demenz-8_9_2025-scaled.jpg 1928w\" sizes=\"auto, (max-width: 226px) 100vw, 226px\" \/> <img loading=\"lazy\" decoding=\"async\" class=\"alignnone size-medium wp-image-1405\" src=\"https:\/\/schwerhoerige-bamberg.de\/wp-content\/uploads\/2025\/12\/PXL_20251112_165453491-226x300.jpg\" alt=\"\" width=\"226\" height=\"300\" srcset=\"https:\/\/schwerhoerige-bamberg.de\/wp-content\/uploads\/2025\/12\/PXL_20251112_165453491-226x300.jpg 226w, https:\/\/schwerhoerige-bamberg.de\/wp-content\/uploads\/2025\/12\/PXL_20251112_165453491-644x855.jpg 644w, https:\/\/schwerhoerige-bamberg.de\/wp-content\/uploads\/2025\/12\/PXL_20251112_165453491-768x1020.jpg 768w, https:\/\/schwerhoerige-bamberg.de\/wp-content\/uploads\/2025\/12\/PXL_20251112_165453491-1157x1536.jpg 1157w, https:\/\/schwerhoerige-bamberg.de\/wp-content\/uploads\/2025\/12\/PXL_20251112_165453491-1542x2048.jpg 1542w, https:\/\/schwerhoerige-bamberg.de\/wp-content\/uploads\/2025\/12\/PXL_20251112_165453491-113x150.jpg 113w, https:\/\/schwerhoerige-bamberg.de\/wp-content\/uploads\/2025\/12\/PXL_20251112_165453491-scaled.jpg 1928w\" sizes=\"auto, (max-width: 226px) 100vw, 226px\" \/><\/p>\n<p>Auch heuer waren wir beim Erlanger H\u00f6rtag am 18. Okt. 2025 und am Bamberger H\u00f6rtag am 15. Nov. 2025 jeweils mit einem Infostand mit dabei.<\/p>\n<p><img loading=\"lazy\" decoding=\"async\" class=\"alignnone size-medium wp-image-1406\" src=\"https:\/\/schwerhoerige-bamberg.de\/wp-content\/uploads\/2025\/12\/PXL_20251018_072011462-226x300.jpg\" alt=\"\" width=\"226\" height=\"300\" srcset=\"https:\/\/schwerhoerige-bamberg.de\/wp-content\/uploads\/2025\/12\/PXL_20251018_072011462-226x300.jpg 226w, https:\/\/schwerhoerige-bamberg.de\/wp-content\/uploads\/2025\/12\/PXL_20251018_072011462-644x855.jpg 644w, https:\/\/schwerhoerige-bamberg.de\/wp-content\/uploads\/2025\/12\/PXL_20251018_072011462-768x1020.jpg 768w, https:\/\/schwerhoerige-bamberg.de\/wp-content\/uploads\/2025\/12\/PXL_20251018_072011462-1157x1536.jpg 1157w, https:\/\/schwerhoerige-bamberg.de\/wp-content\/uploads\/2025\/12\/PXL_20251018_072011462-1542x2048.jpg 1542w, https:\/\/schwerhoerige-bamberg.de\/wp-content\/uploads\/2025\/12\/PXL_20251018_072011462-113x150.jpg 113w, https:\/\/schwerhoerige-bamberg.de\/wp-content\/uploads\/2025\/12\/PXL_20251018_072011462-scaled.jpg 1928w\" sizes=\"auto, (max-width: 226px) 100vw, 226px\" \/> <img loading=\"lazy\" decoding=\"async\" class=\"alignnone size-medium wp-image-1407\" src=\"https:\/\/schwerhoerige-bamberg.de\/wp-content\/uploads\/2025\/12\/PXL_20251115_075516969-226x300.jpg\" alt=\"\" width=\"226\" height=\"300\" srcset=\"https:\/\/schwerhoerige-bamberg.de\/wp-content\/uploads\/2025\/12\/PXL_20251115_075516969-226x300.jpg 226w, https:\/\/schwerhoerige-bamberg.de\/wp-content\/uploads\/2025\/12\/PXL_20251115_075516969-644x855.jpg 644w, https:\/\/schwerhoerige-bamberg.de\/wp-content\/uploads\/2025\/12\/PXL_20251115_075516969-768x1020.jpg 768w, https:\/\/schwerhoerige-bamberg.de\/wp-content\/uploads\/2025\/12\/PXL_20251115_075516969-1157x1536.jpg 1157w, https:\/\/schwerhoerige-bamberg.de\/wp-content\/uploads\/2025\/12\/PXL_20251115_075516969-1542x2048.jpg 1542w, https:\/\/schwerhoerige-bamberg.de\/wp-content\/uploads\/2025\/12\/PXL_20251115_075516969-113x150.jpg 113w, https:\/\/schwerhoerige-bamberg.de\/wp-content\/uploads\/2025\/12\/PXL_20251115_075516969-scaled.jpg 1928w\" sizes=\"auto, (max-width: 226px) 100vw, 226px\" \/><\/p>\n<p>Wir testeten die neue H\u00f6ranlage im E.T.A.-Hoffmann-Theater in Bamberg am 26.03.2025 und wirkten bei der Auswahl der neuen Stimmen f\u00fcr die Haltenstellenansagen in den Bamberger Stadtbussen am 17.07.2025 mit.<\/p>\n<p><img loading=\"lazy\" decoding=\"async\" class=\"alignnone  wp-image-1411\" src=\"https:\/\/schwerhoerige-bamberg.de\/wp-content\/uploads\/2025\/12\/IMG-20250326-WA0006-300x169.jpg\" alt=\"\" width=\"407\" height=\"229\" srcset=\"https:\/\/schwerhoerige-bamberg.de\/wp-content\/uploads\/2025\/12\/IMG-20250326-WA0006-300x169.jpg 300w, https:\/\/schwerhoerige-bamberg.de\/wp-content\/uploads\/2025\/12\/IMG-20250326-WA0006-644x362.jpg 644w, https:\/\/schwerhoerige-bamberg.de\/wp-content\/uploads\/2025\/12\/IMG-20250326-WA0006-768x432.jpg 768w, https:\/\/schwerhoerige-bamberg.de\/wp-content\/uploads\/2025\/12\/IMG-20250326-WA0006-1536x864.jpg 1536w, https:\/\/schwerhoerige-bamberg.de\/wp-content\/uploads\/2025\/12\/IMG-20250326-WA0006-150x84.jpg 150w, https:\/\/schwerhoerige-bamberg.de\/wp-content\/uploads\/2025\/12\/IMG-20250326-WA0006.jpg 1600w\" sizes=\"auto, (max-width: 407px) 100vw, 407px\" \/> \u00a0<img loading=\"lazy\" decoding=\"async\" class=\"alignnone size-medium wp-image-1409\" src=\"https:\/\/schwerhoerige-bamberg.de\/wp-content\/uploads\/2025\/12\/Sabina-Johanna-300x226.jpg\" alt=\"\" width=\"300\" height=\"226\" srcset=\"https:\/\/schwerhoerige-bamberg.de\/wp-content\/uploads\/2025\/12\/Sabina-Johanna-300x226.jpg 300w, https:\/\/schwerhoerige-bamberg.de\/wp-content\/uploads\/2025\/12\/Sabina-Johanna-644x485.jpg 644w, https:\/\/schwerhoerige-bamberg.de\/wp-content\/uploads\/2025\/12\/Sabina-Johanna-768x578.jpg 768w, https:\/\/schwerhoerige-bamberg.de\/wp-content\/uploads\/2025\/12\/Sabina-Johanna-1536x1156.jpg 1536w, https:\/\/schwerhoerige-bamberg.de\/wp-content\/uploads\/2025\/12\/Sabina-Johanna-150x113.jpg 150w, https:\/\/schwerhoerige-bamberg.de\/wp-content\/uploads\/2025\/12\/Sabina-Johanna.jpg 1600w\" sizes=\"auto, (max-width: 300px) 100vw, 300px\" \/><\/p>\n","protected":false},"excerpt":{"rendered":"<p>Wie schnell die Zeit vergeht! Bei unserer Weihnachtsfeier am 10. Dez. 2025 blickten wir auf ein ereignisreiches Jahr zur\u00fcck. Am 12. Febr. 2025 stellten Frau Claudia Correnz-von Erdmannsorff und\u00a0 Frau Andrea Pfadenhauer von der Firma KIND das Konzept der wohnortnahen technischen Nachsorge f\u00fcr CI- bzw. H\u00f6rimplantat-Tr\u00e4ger vor. Am 12. M\u00e4rz 2025 h\u00f6rten wir einen Vortrag von Frau Kathrin Hofmann (Praxis f\u00fcr Logop\u00e4die Eva Bauer) mit dem Titel: &#8222;Tinnitus verstehen: Entstehung und Behandlungsbausteine.&#8220; Ein Vogelstimmen-Spaziergang mit Frau Ulrike K\u00e4stle erfreute uns am 26. M\u00e4rz 2026. \u00a0 \u00a0 Bei einem Vortrag und anschlie\u00dfenden Workshop mit EDV-Berater Herrn Armin Wunder am 9. und\u2026<\/p>\n<p> <a class=\"continue-reading-link\" href=\"https:\/\/schwerhoerige-bamberg.de\/?p=1383\"><span>weiterlesen &#8230;<\/span><i class=\"crycon-right-dir\"><\/i><\/a> <\/p>\n","protected":false},"author":2,"featured_media":0,"comment_status":"closed","ping_status":"closed","sticky":false,"template":"","format":"standard","meta":{"footnotes":""},"categories":[4],"tags":[],"class_list":["post-1383","post","type-post","status-publish","format-standard","hentry","category-veranstaltungen"],"_links":{"self":[{"href":"https:\/\/schwerhoerige-bamberg.de\/index.php?rest_route=\/wp\/v2\/posts\/1383","targetHints":{"allow":["GET"]}}],"collection":[{"href":"https:\/\/schwerhoerige-bamberg.de\/index.php?rest_route=\/wp\/v2\/posts"}],"about":[{"href":"https:\/\/schwerhoerige-bamberg.de\/index.php?rest_route=\/wp\/v2\/types\/post"}],"author":[{"embeddable":true,"href":"https:\/\/schwerhoerige-bamberg.de\/index.php?rest_route=\/wp\/v2\/users\/2"}],"replies":[{"embeddable":true,"href":"https:\/\/schwerhoerige-bamberg.de\/index.php?rest_route=%2Fwp%2Fv2%2Fcomments&post=1383"}],"version-history":[{"count":1,"href":"https:\/\/schwerhoerige-bamberg.de\/index.php?rest_route=\/wp\/v2\/posts\/1383\/revisions"}],"predecessor-version":[{"id":1413,"href":"https:\/\/schwerhoerige-bamberg.de\/index.php?rest_route=\/wp\/v2\/posts\/1383\/revisions\/1413"}],"wp:attachment":[{"href":"https:\/\/schwerhoerige-bamberg.de\/index.php?rest_route=%2Fwp%2Fv2%2Fmedia&parent=1383"}],"wp:term":[{"taxonomy":"category","embeddable":true,"href":"https:\/\/schwerhoerige-bamberg.de\/index.php?rest_route=%2Fwp%2Fv2%2Fcategories&post=1383"},{"taxonomy":"post_tag","embeddable":true,"href":"https:\/\/schwerhoerige-bamberg.de\/index.php?rest_route=%2Fwp%2Fv2%2Ftags&post=1383"}],"curies":[{"name":"wp","href":"https:\/\/api.w.org\/{rel}","templated":true}]}}