{"id":1451,"date":"2026-04-29T14:35:03","date_gmt":"2026-04-29T12:35:03","guid":{"rendered":"https:\/\/schwerhoerige-bamberg.de\/?p=1451"},"modified":"2026-04-29T14:42:02","modified_gmt":"2026-04-29T12:42:02","slug":"jubilaeumsfeier-20-jahre-ohrring","status":"publish","type":"post","link":"https:\/\/schwerhoerige-bamberg.de\/?p=1451","title":{"rendered":"Jubil\u00e4umsfeier 20 Jahre OhrRing Bamberg"},"content":{"rendered":"<p>Am Samstag, den 25. April 2026, war es endlich soweit: der OhrRing Bamberg, die Selbsthilfegruppe f\u00fcr Schwerh\u00f6rige und CI-Tr\u00e4ger, feierte sein 20-j\u00e4hriges Bestehen. Mit dabei waren um die 200 G\u00e4ste, die sich dieses Ereignis nicht entgehen lassen wollten. Unter anderem kamen Mitglieder aus anderen regionalen Selbsthilfegruppen z.B. aus Bayreuth, Hof, W\u00fcrzburg, Coburg, Schweinfurt und nat\u00fcrlich etliche Mitglieder der Bamberger Gruppe.<\/p>\n<p>Vor dem Festprogramm konnten sich die G\u00e4ste aus nah und fern bei einem reich gedeckten Kuchenbuffet st\u00e4rken und beim Sektempfang miteinander ins Gespr\u00e4ch kommen. \u00a0Die hervorragend schmeckenden Kuchen wurden von Mitgliedern und Freunden des OhrRings gespendet.<\/p>\n<p><img loading=\"lazy\" decoding=\"async\" class=\"alignnone wp-image-1454\" src=\"https:\/\/schwerhoerige-bamberg.de\/wp-content\/uploads\/2026\/04\/DSCF8713-2-1classic-300x200.jpg\" alt=\"\" width=\"386\" height=\"257\" srcset=\"https:\/\/schwerhoerige-bamberg.de\/wp-content\/uploads\/2026\/04\/DSCF8713-2-1classic-300x200.jpg 300w, https:\/\/schwerhoerige-bamberg.de\/wp-content\/uploads\/2026\/04\/DSCF8713-2-1classic-644x429.jpg 644w, https:\/\/schwerhoerige-bamberg.de\/wp-content\/uploads\/2026\/04\/DSCF8713-2-1classic-768x512.jpg 768w, https:\/\/schwerhoerige-bamberg.de\/wp-content\/uploads\/2026\/04\/DSCF8713-2-1classic-1536x1024.jpg 1536w, https:\/\/schwerhoerige-bamberg.de\/wp-content\/uploads\/2026\/04\/DSCF8713-2-1classic-2048x1365.jpg 2048w, https:\/\/schwerhoerige-bamberg.de\/wp-content\/uploads\/2026\/04\/DSCF8713-2-1classic-150x100.jpg 150w\" sizes=\"auto, (max-width: 386px) 100vw, 386px\" \/>\u00a0<img loading=\"lazy\" decoding=\"async\" class=\"alignnone wp-image-1457\" src=\"https:\/\/schwerhoerige-bamberg.de\/wp-content\/uploads\/2026\/04\/DSCF8791-2-1classic-300x200.jpg\" alt=\"\" width=\"389\" height=\"259\" srcset=\"https:\/\/schwerhoerige-bamberg.de\/wp-content\/uploads\/2026\/04\/DSCF8791-2-1classic-300x200.jpg 300w, https:\/\/schwerhoerige-bamberg.de\/wp-content\/uploads\/2026\/04\/DSCF8791-2-1classic-644x429.jpg 644w, https:\/\/schwerhoerige-bamberg.de\/wp-content\/uploads\/2026\/04\/DSCF8791-2-1classic-768x512.jpg 768w, https:\/\/schwerhoerige-bamberg.de\/wp-content\/uploads\/2026\/04\/DSCF8791-2-1classic-1536x1024.jpg 1536w, https:\/\/schwerhoerige-bamberg.de\/wp-content\/uploads\/2026\/04\/DSCF8791-2-1classic-2048x1365.jpg 2048w, https:\/\/schwerhoerige-bamberg.de\/wp-content\/uploads\/2026\/04\/DSCF8791-2-1classic-150x100.jpg 150w\" sizes=\"auto, (max-width: 389px) 100vw, 389px\" \/><\/p>\n<p>Zu Beginn der Veranstaltung begr\u00fc\u00dfte die Gruppenleiterin Margit Gamberoni, die versammelten G\u00e4ste und dankte ihnen f\u00fcr ihr Kommen.<\/p>\n<p><img loading=\"lazy\" decoding=\"async\" class=\"alignnone wp-image-1452\" src=\"https:\/\/schwerhoerige-bamberg.de\/wp-content\/uploads\/2026\/04\/WhatsApp-Image-2026-04-26-at-10.48.44-300x225.jpeg\" alt=\"\" width=\"318\" height=\"238\" srcset=\"https:\/\/schwerhoerige-bamberg.de\/wp-content\/uploads\/2026\/04\/WhatsApp-Image-2026-04-26-at-10.48.44-300x225.jpeg 300w, https:\/\/schwerhoerige-bamberg.de\/wp-content\/uploads\/2026\/04\/WhatsApp-Image-2026-04-26-at-10.48.44-644x483.jpeg 644w, https:\/\/schwerhoerige-bamberg.de\/wp-content\/uploads\/2026\/04\/WhatsApp-Image-2026-04-26-at-10.48.44-768x576.jpeg 768w, https:\/\/schwerhoerige-bamberg.de\/wp-content\/uploads\/2026\/04\/WhatsApp-Image-2026-04-26-at-10.48.44-1536x1152.jpeg 1536w, https:\/\/schwerhoerige-bamberg.de\/wp-content\/uploads\/2026\/04\/WhatsApp-Image-2026-04-26-at-10.48.44-150x113.jpeg 150w, https:\/\/schwerhoerige-bamberg.de\/wp-content\/uploads\/2026\/04\/WhatsApp-Image-2026-04-26-at-10.48.44.jpeg 1600w\" sizes=\"auto, (max-width: 318px) 100vw, 318px\" \/>\u00a0 \u00a0\u00a0<img loading=\"lazy\" decoding=\"async\" class=\"alignnone wp-image-1461\" src=\"https:\/\/schwerhoerige-bamberg.de\/wp-content\/uploads\/2026\/04\/DSCF8732-2-1classic-300x200.jpg\" alt=\"\" width=\"356\" height=\"237\" srcset=\"https:\/\/schwerhoerige-bamberg.de\/wp-content\/uploads\/2026\/04\/DSCF8732-2-1classic-300x200.jpg 300w, https:\/\/schwerhoerige-bamberg.de\/wp-content\/uploads\/2026\/04\/DSCF8732-2-1classic-644x429.jpg 644w, https:\/\/schwerhoerige-bamberg.de\/wp-content\/uploads\/2026\/04\/DSCF8732-2-1classic-768x512.jpg 768w, https:\/\/schwerhoerige-bamberg.de\/wp-content\/uploads\/2026\/04\/DSCF8732-2-1classic-1536x1024.jpg 1536w, https:\/\/schwerhoerige-bamberg.de\/wp-content\/uploads\/2026\/04\/DSCF8732-2-1classic-2048x1365.jpg 2048w, https:\/\/schwerhoerige-bamberg.de\/wp-content\/uploads\/2026\/04\/DSCF8732-2-1classic-150x100.jpg 150w\" sizes=\"auto, (max-width: 356px) 100vw, 356px\" \/> \u00a0\u00a0 \u00a0 \u00a0\u00a0 <img loading=\"lazy\" decoding=\"async\" class=\"alignnone wp-image-1463\" src=\"https:\/\/schwerhoerige-bamberg.de\/wp-content\/uploads\/2026\/04\/DSCF8749-2-1classic-300x169.jpg\" alt=\"\" width=\"341\" height=\"192\" srcset=\"https:\/\/schwerhoerige-bamberg.de\/wp-content\/uploads\/2026\/04\/DSCF8749-2-1classic-300x169.jpg 300w, https:\/\/schwerhoerige-bamberg.de\/wp-content\/uploads\/2026\/04\/DSCF8749-2-1classic-644x362.jpg 644w, https:\/\/schwerhoerige-bamberg.de\/wp-content\/uploads\/2026\/04\/DSCF8749-2-1classic-768x432.jpg 768w, https:\/\/schwerhoerige-bamberg.de\/wp-content\/uploads\/2026\/04\/DSCF8749-2-1classic-1536x864.jpg 1536w, https:\/\/schwerhoerige-bamberg.de\/wp-content\/uploads\/2026\/04\/DSCF8749-2-1classic-2048x1152.jpg 2048w, https:\/\/schwerhoerige-bamberg.de\/wp-content\/uploads\/2026\/04\/DSCF8749-2-1classic-150x84.jpg 150w\" sizes=\"auto, (max-width: 341px) 100vw, 341px\" \/>\u00a0 \u00a0 \u00a0 \u00a0<img loading=\"lazy\" decoding=\"async\" class=\"alignnone size-medium wp-image-1458\" src=\"https:\/\/schwerhoerige-bamberg.de\/wp-content\/uploads\/2026\/04\/DSCF8799-2-1classic-300x200.jpg\" alt=\"\" width=\"300\" height=\"200\" srcset=\"https:\/\/schwerhoerige-bamberg.de\/wp-content\/uploads\/2026\/04\/DSCF8799-2-1classic-300x200.jpg 300w, https:\/\/schwerhoerige-bamberg.de\/wp-content\/uploads\/2026\/04\/DSCF8799-2-1classic-644x429.jpg 644w, https:\/\/schwerhoerige-bamberg.de\/wp-content\/uploads\/2026\/04\/DSCF8799-2-1classic-768x512.jpg 768w, https:\/\/schwerhoerige-bamberg.de\/wp-content\/uploads\/2026\/04\/DSCF8799-2-1classic-1536x1024.jpg 1536w, https:\/\/schwerhoerige-bamberg.de\/wp-content\/uploads\/2026\/04\/DSCF8799-2-1classic-2048x1365.jpg 2048w, https:\/\/schwerhoerige-bamberg.de\/wp-content\/uploads\/2026\/04\/DSCF8799-2-1classic-150x100.jpg 150w\" sizes=\"auto, (max-width: 300px) 100vw, 300px\" \/><\/p>\n<p>Nach der Begr\u00fc\u00dfung folgten die Gru\u00dfworte der Behindertenbeauftragten der Stadt Bamberg, Nicole Orf, der 1. Vorsitzenden des BayCIV (Bayerischer Cochlea Implantat Verband e.V.) Regine Zille, dem Chefarzt der Bamberger HNO-Klinik, Dr. Andreas Eckert und des Leiters des CICERO Erlangen, Prof. Dr. Dr. Ulrich Hoppe. Alle sprachen gro\u00dfen Dank und viel Lob im R\u00fcckblick auf das in den letzten 20 Jahren durch den OhrRing Bamberg Erreichte aus. Au\u00dferdem unterstrichen sie die Wichtigkeit der Selbsthilfegruppe f\u00fcr Betroffene und lobten die Hartn\u00e4ckigkeit von Margit Gamberoni, wenn es darum geht, Verbesserungen f\u00fcr Betroffene zu erzielen und zu erk\u00e4mpfen.<\/p>\n<p><img loading=\"lazy\" decoding=\"async\" class=\"alignnone wp-image-1464\" src=\"https:\/\/schwerhoerige-bamberg.de\/wp-content\/uploads\/2026\/04\/DSCF8811-2-1classic-300x200.jpg\" alt=\"\" width=\"349\" height=\"232\" srcset=\"https:\/\/schwerhoerige-bamberg.de\/wp-content\/uploads\/2026\/04\/DSCF8811-2-1classic-300x200.jpg 300w, https:\/\/schwerhoerige-bamberg.de\/wp-content\/uploads\/2026\/04\/DSCF8811-2-1classic-644x429.jpg 644w, https:\/\/schwerhoerige-bamberg.de\/wp-content\/uploads\/2026\/04\/DSCF8811-2-1classic-768x512.jpg 768w, https:\/\/schwerhoerige-bamberg.de\/wp-content\/uploads\/2026\/04\/DSCF8811-2-1classic-1536x1024.jpg 1536w, https:\/\/schwerhoerige-bamberg.de\/wp-content\/uploads\/2026\/04\/DSCF8811-2-1classic-2048x1365.jpg 2048w, https:\/\/schwerhoerige-bamberg.de\/wp-content\/uploads\/2026\/04\/DSCF8811-2-1classic-150x100.jpg 150w\" sizes=\"auto, (max-width: 349px) 100vw, 349px\" \/> <img loading=\"lazy\" decoding=\"async\" class=\"alignnone wp-image-1465\" src=\"https:\/\/schwerhoerige-bamberg.de\/wp-content\/uploads\/2026\/04\/DSCF8814-2-1classic-300x200.jpg\" alt=\"\" width=\"350\" height=\"233\" srcset=\"https:\/\/schwerhoerige-bamberg.de\/wp-content\/uploads\/2026\/04\/DSCF8814-2-1classic-300x200.jpg 300w, https:\/\/schwerhoerige-bamberg.de\/wp-content\/uploads\/2026\/04\/DSCF8814-2-1classic-644x429.jpg 644w, https:\/\/schwerhoerige-bamberg.de\/wp-content\/uploads\/2026\/04\/DSCF8814-2-1classic-768x512.jpg 768w, https:\/\/schwerhoerige-bamberg.de\/wp-content\/uploads\/2026\/04\/DSCF8814-2-1classic-1536x1024.jpg 1536w, https:\/\/schwerhoerige-bamberg.de\/wp-content\/uploads\/2026\/04\/DSCF8814-2-1classic-2048x1365.jpg 2048w, https:\/\/schwerhoerige-bamberg.de\/wp-content\/uploads\/2026\/04\/DSCF8814-2-1classic-150x100.jpg 150w\" sizes=\"auto, (max-width: 350px) 100vw, 350px\" \/><\/p>\n<p><img loading=\"lazy\" decoding=\"async\" class=\"alignnone wp-image-1466\" src=\"https:\/\/schwerhoerige-bamberg.de\/wp-content\/uploads\/2026\/04\/DSCF8819-2-1classic-300x200.jpg\" alt=\"\" width=\"349\" height=\"232\" srcset=\"https:\/\/schwerhoerige-bamberg.de\/wp-content\/uploads\/2026\/04\/DSCF8819-2-1classic-300x200.jpg 300w, https:\/\/schwerhoerige-bamberg.de\/wp-content\/uploads\/2026\/04\/DSCF8819-2-1classic-644x429.jpg 644w, https:\/\/schwerhoerige-bamberg.de\/wp-content\/uploads\/2026\/04\/DSCF8819-2-1classic-768x512.jpg 768w, https:\/\/schwerhoerige-bamberg.de\/wp-content\/uploads\/2026\/04\/DSCF8819-2-1classic-1536x1024.jpg 1536w, https:\/\/schwerhoerige-bamberg.de\/wp-content\/uploads\/2026\/04\/DSCF8819-2-1classic-2048x1365.jpg 2048w, https:\/\/schwerhoerige-bamberg.de\/wp-content\/uploads\/2026\/04\/DSCF8819-2-1classic-150x100.jpg 150w\" sizes=\"auto, (max-width: 349px) 100vw, 349px\" \/> <img loading=\"lazy\" decoding=\"async\" class=\"alignnone wp-image-1467\" src=\"https:\/\/schwerhoerige-bamberg.de\/wp-content\/uploads\/2026\/04\/DSCF8822-2-1classic-300x200.jpg\" alt=\"\" width=\"351\" height=\"234\" srcset=\"https:\/\/schwerhoerige-bamberg.de\/wp-content\/uploads\/2026\/04\/DSCF8822-2-1classic-300x200.jpg 300w, https:\/\/schwerhoerige-bamberg.de\/wp-content\/uploads\/2026\/04\/DSCF8822-2-1classic-644x429.jpg 644w, https:\/\/schwerhoerige-bamberg.de\/wp-content\/uploads\/2026\/04\/DSCF8822-2-1classic-768x512.jpg 768w, https:\/\/schwerhoerige-bamberg.de\/wp-content\/uploads\/2026\/04\/DSCF8822-2-1classic-1536x1024.jpg 1536w, https:\/\/schwerhoerige-bamberg.de\/wp-content\/uploads\/2026\/04\/DSCF8822-2-1classic-2048x1365.jpg 2048w, https:\/\/schwerhoerige-bamberg.de\/wp-content\/uploads\/2026\/04\/DSCF8822-2-1classic-150x100.jpg 150w\" sizes=\"auto, (max-width: 351px) 100vw, 351px\" \/><\/p>\n<p>Danach folgte eine \u201eMutmachbesinnung\u201c von Albin Zeck, die musikalisch von Martin Zeck begleitet wurde. Er sprach gro\u00dfe Anerkennung aus f\u00fcr den Mut und die Energie, den OhrRing zu gr\u00fcnden, sowie Bewunderung f\u00fcr die Entwicklung, die der OhrRing in den letzten 20 Jahren nahm. Besonders betonte er die Wichtigkeit einer Selbsthilfegruppe als Mittel gegen Einsamkeit und als Mittel f\u00fcr die Betroffenen, Verantwortung f\u00fcr die Verbesserung ihrer Situation zu nehmen und dies nicht Dritten zu \u00fcberlassen.<\/p>\n<p>Im Anschluss hielt der viel mit Schwerh\u00f6rigen und CI-Tr\u00e4gern arbeitende Psychologe Cornelius Schreiben den Hauptvortrag des Festnachmittages mit dem Titel \u201eSchwerh\u00f6rig leben in einer h\u00f6renden Welt: Auswirkungen auf die Psyche im Kontext der Selbsthilfe.\u201c Er unterstrich die Wichtigkeit des H\u00f6rens im Alltag und die sich daraus ergebenden psychischen Herausforderungen f\u00fcr Betroffene, wenn das H\u00f6rverm\u00f6gen beeintr\u00e4chtigt ist. U.a. f\u00fchrte er sozialen R\u00fcckzug, Akzeptanzprobleme, fehlende R\u00fccksichtnahme und damit einhergehend Wut und Zorn, H\u00f6rstress, Ged\u00e4chtnisprobleme und unzul\u00e4ngliche Kompatibilit\u00e4t der Arbeitswelt mit den Bed\u00fcrfnissen Schwerh\u00f6riger an. Aus der Vielzahl der Herausforderungen der Betroffenen und ihrer unterschiedlichen Lebenssituation ergeben sich unterschiedliche Erwartungshaltungen an Selbsthilfegruppen, die diese in ihrer Komplexit\u00e4t bedienen m\u00fcssen. Ungeachtet aller Herausforderungen im Detail seien Selbsthilfegruppen aber als sicherer Hafen f\u00fcr Betroffene \u00e4u\u00dferst wertvoll, da sie insbesondere gegen Einsamkeit und das Gef\u00fchl, alleingelassen zu sein, sowie hinsichtlich der Akzeptanz der eigenen Situation und der Herausforderungen gro\u00dfe Hilfe f\u00fcr Betroffene leisten.<\/p>\n<p><img loading=\"lazy\" decoding=\"async\" class=\"alignnone wp-image-1468\" src=\"https:\/\/schwerhoerige-bamberg.de\/wp-content\/uploads\/2026\/04\/DSCF8842-2-2classic-300x200.jpg\" alt=\"\" width=\"422\" height=\"281\" srcset=\"https:\/\/schwerhoerige-bamberg.de\/wp-content\/uploads\/2026\/04\/DSCF8842-2-2classic-300x200.jpg 300w, https:\/\/schwerhoerige-bamberg.de\/wp-content\/uploads\/2026\/04\/DSCF8842-2-2classic-644x429.jpg 644w, https:\/\/schwerhoerige-bamberg.de\/wp-content\/uploads\/2026\/04\/DSCF8842-2-2classic-768x512.jpg 768w, https:\/\/schwerhoerige-bamberg.de\/wp-content\/uploads\/2026\/04\/DSCF8842-2-2classic-1536x1024.jpg 1536w, https:\/\/schwerhoerige-bamberg.de\/wp-content\/uploads\/2026\/04\/DSCF8842-2-2classic-2048x1365.jpg 2048w, https:\/\/schwerhoerige-bamberg.de\/wp-content\/uploads\/2026\/04\/DSCF8842-2-2classic-150x100.jpg 150w\" sizes=\"auto, (max-width: 422px) 100vw, 422px\" \/>\u00a0 \u00a0<img loading=\"lazy\" decoding=\"async\" class=\"alignnone wp-image-1469\" src=\"https:\/\/schwerhoerige-bamberg.de\/wp-content\/uploads\/2026\/04\/DSCF8852-2-1classic-214x300.jpg\" alt=\"\" width=\"197\" height=\"276\" srcset=\"https:\/\/schwerhoerige-bamberg.de\/wp-content\/uploads\/2026\/04\/DSCF8852-2-1classic-214x300.jpg 214w, https:\/\/schwerhoerige-bamberg.de\/wp-content\/uploads\/2026\/04\/DSCF8852-2-1classic-644x902.jpg 644w, https:\/\/schwerhoerige-bamberg.de\/wp-content\/uploads\/2026\/04\/DSCF8852-2-1classic-768x1075.jpg 768w, https:\/\/schwerhoerige-bamberg.de\/wp-content\/uploads\/2026\/04\/DSCF8852-2-1classic-1097x1536.jpg 1097w, https:\/\/schwerhoerige-bamberg.de\/wp-content\/uploads\/2026\/04\/DSCF8852-2-1classic-1463x2048.jpg 1463w, https:\/\/schwerhoerige-bamberg.de\/wp-content\/uploads\/2026\/04\/DSCF8852-2-1classic-107x150.jpg 107w, https:\/\/schwerhoerige-bamberg.de\/wp-content\/uploads\/2026\/04\/DSCF8852-2-1classic-scaled.jpg 1829w\" sizes=\"auto, (max-width: 197px) 100vw, 197px\" \/><\/p>\n<p>Im abschlie\u00dfenden Vortrag gaben Margit Gamberoni und Reiner Hofmann einen R\u00fcckblick auf die letzten 20 Jahre. Besonders die Entstehungsgeschichte und der Einsatz f\u00fcr den Bau von induktiven H\u00f6ranlagen in Bamberg wurden mit Erfolgsbeispielen und alten Fotos herausgestellt. Nochmals unterstrichen wurde die Tatsache, dass die regelm\u00e4\u00dfige Kontrolle und Wartung induktiver H\u00f6ranlagen ebenso wichtig ist wie die urspr\u00fcngliche Installation. \u00a0Zuletzt stellten die beiden Vortragenden dar, welche regelm\u00e4\u00dfigen Aktivit\u00e4ten der OhrRing durchf\u00fchrt:<\/p>\n<ul>\n<li>Monatliche Treffen im Klemens-Fink-Zentrum (im Laufe der Jahre rund 220 St\u00fcck) mit verschiedenen Referenten wie \u00c4rzte, Akustikern und Audiologen<\/li>\n<li>Regelm\u00e4\u00dfige F\u00fchrungen<\/li>\n<li>Fortbildungen, bspw. zu EDV oder ein Erste-Hilfe-Kurs<\/li>\n<li>H\u00f6rtrainings, Seminartage, Tagesausfl\u00fcge<\/li>\n<li>\u00d6ffentlichkeitsarbeit<\/li>\n<\/ul>\n<p>Im Anschluss an den letzten Vortrag bedankten sich verschiedene G\u00e4ste noch einmal bei Margit Gamberoni und Rainer Hofmann und \u00fcberreichten zahlreiche Geschenke sowohl f\u00fcr den OhrRing insgesamt als auch f\u00fcr die beiden pers\u00f6nlich.<\/p>\n<p><img loading=\"lazy\" decoding=\"async\" class=\"alignnone wp-image-1470\" src=\"https:\/\/schwerhoerige-bamberg.de\/wp-content\/uploads\/2026\/04\/DSCF8870-2-2classic-2-300x200.jpg\" alt=\"\" width=\"319\" height=\"212\" srcset=\"https:\/\/schwerhoerige-bamberg.de\/wp-content\/uploads\/2026\/04\/DSCF8870-2-2classic-2-300x200.jpg 300w, https:\/\/schwerhoerige-bamberg.de\/wp-content\/uploads\/2026\/04\/DSCF8870-2-2classic-2-644x429.jpg 644w, https:\/\/schwerhoerige-bamberg.de\/wp-content\/uploads\/2026\/04\/DSCF8870-2-2classic-2-768x512.jpg 768w, https:\/\/schwerhoerige-bamberg.de\/wp-content\/uploads\/2026\/04\/DSCF8870-2-2classic-2-1536x1024.jpg 1536w, https:\/\/schwerhoerige-bamberg.de\/wp-content\/uploads\/2026\/04\/DSCF8870-2-2classic-2-2048x1365.jpg 2048w, https:\/\/schwerhoerige-bamberg.de\/wp-content\/uploads\/2026\/04\/DSCF8870-2-2classic-2-150x100.jpg 150w\" sizes=\"auto, (max-width: 319px) 100vw, 319px\" \/>\u00a0 \u00a0 <img loading=\"lazy\" decoding=\"async\" class=\"alignnone wp-image-1474\" src=\"https:\/\/schwerhoerige-bamberg.de\/wp-content\/uploads\/2026\/04\/DSCF8879-2-1classic-300x200.jpg\" alt=\"\" width=\"314\" height=\"209\" srcset=\"https:\/\/schwerhoerige-bamberg.de\/wp-content\/uploads\/2026\/04\/DSCF8879-2-1classic-300x200.jpg 300w, https:\/\/schwerhoerige-bamberg.de\/wp-content\/uploads\/2026\/04\/DSCF8879-2-1classic-644x429.jpg 644w, https:\/\/schwerhoerige-bamberg.de\/wp-content\/uploads\/2026\/04\/DSCF8879-2-1classic-768x512.jpg 768w, https:\/\/schwerhoerige-bamberg.de\/wp-content\/uploads\/2026\/04\/DSCF8879-2-1classic-1536x1024.jpg 1536w, https:\/\/schwerhoerige-bamberg.de\/wp-content\/uploads\/2026\/04\/DSCF8879-2-1classic-2048x1365.jpg 2048w, https:\/\/schwerhoerige-bamberg.de\/wp-content\/uploads\/2026\/04\/DSCF8879-2-1classic-150x100.jpg 150w\" sizes=\"auto, (max-width: 314px) 100vw, 314px\" \/>\u00a0 \u00a0 \u00a0 \u00a0 \u00a0 \u00a0 \u00a0 \u00a0 \u00a0 \u00a0 \u00a0 \u00a0 \u00a0 \u00a0 \u00a0 \u00a0 \u00a0 \u00a0 \u00a0 \u00a0 \u00a0 \u00a0 \u00a0 <img loading=\"lazy\" decoding=\"async\" class=\"alignnone wp-image-1473\" src=\"https:\/\/schwerhoerige-bamberg.de\/wp-content\/uploads\/2026\/04\/DSCF8884-2-1classic-300x200.jpg\" alt=\"\" width=\"320\" height=\"213\" srcset=\"https:\/\/schwerhoerige-bamberg.de\/wp-content\/uploads\/2026\/04\/DSCF8884-2-1classic-300x200.jpg 300w, https:\/\/schwerhoerige-bamberg.de\/wp-content\/uploads\/2026\/04\/DSCF8884-2-1classic-644x429.jpg 644w, https:\/\/schwerhoerige-bamberg.de\/wp-content\/uploads\/2026\/04\/DSCF8884-2-1classic-768x512.jpg 768w, https:\/\/schwerhoerige-bamberg.de\/wp-content\/uploads\/2026\/04\/DSCF8884-2-1classic-1536x1024.jpg 1536w, https:\/\/schwerhoerige-bamberg.de\/wp-content\/uploads\/2026\/04\/DSCF8884-2-1classic-2048x1365.jpg 2048w, https:\/\/schwerhoerige-bamberg.de\/wp-content\/uploads\/2026\/04\/DSCF8884-2-1classic-150x100.jpg 150w\" sizes=\"auto, (max-width: 320px) 100vw, 320px\" \/>\u00a0 \u00a0<img loading=\"lazy\" decoding=\"async\" class=\"alignnone wp-image-1471\" src=\"https:\/\/schwerhoerige-bamberg.de\/wp-content\/uploads\/2026\/04\/DSCF8897-2-1classic-300x200.jpg\" alt=\"\" width=\"317\" height=\"211\" srcset=\"https:\/\/schwerhoerige-bamberg.de\/wp-content\/uploads\/2026\/04\/DSCF8897-2-1classic-300x200.jpg 300w, https:\/\/schwerhoerige-bamberg.de\/wp-content\/uploads\/2026\/04\/DSCF8897-2-1classic-644x429.jpg 644w, https:\/\/schwerhoerige-bamberg.de\/wp-content\/uploads\/2026\/04\/DSCF8897-2-1classic-768x512.jpg 768w, https:\/\/schwerhoerige-bamberg.de\/wp-content\/uploads\/2026\/04\/DSCF8897-2-1classic-1536x1024.jpg 1536w, https:\/\/schwerhoerige-bamberg.de\/wp-content\/uploads\/2026\/04\/DSCF8897-2-1classic-2048x1365.jpg 2048w, https:\/\/schwerhoerige-bamberg.de\/wp-content\/uploads\/2026\/04\/DSCF8897-2-1classic-150x100.jpg 150w\" sizes=\"auto, (max-width: 317px) 100vw, 317px\" \/><\/p>\n<p>Musikalische Elemente brachte die inklusive Percussion-Gruppe \u201cH\u00f6rsturz\u201d, die zum Mitmachen einlud.<\/p>\n<p><img loading=\"lazy\" decoding=\"async\" class=\"alignnone wp-image-1475\" src=\"https:\/\/schwerhoerige-bamberg.de\/wp-content\/uploads\/2026\/04\/DSCF8795-2classic-300x200.jpg\" alt=\"\" width=\"407\" height=\"271\" srcset=\"https:\/\/schwerhoerige-bamberg.de\/wp-content\/uploads\/2026\/04\/DSCF8795-2classic-300x200.jpg 300w, https:\/\/schwerhoerige-bamberg.de\/wp-content\/uploads\/2026\/04\/DSCF8795-2classic-644x429.jpg 644w, https:\/\/schwerhoerige-bamberg.de\/wp-content\/uploads\/2026\/04\/DSCF8795-2classic-768x512.jpg 768w, https:\/\/schwerhoerige-bamberg.de\/wp-content\/uploads\/2026\/04\/DSCF8795-2classic-1536x1024.jpg 1536w, https:\/\/schwerhoerige-bamberg.de\/wp-content\/uploads\/2026\/04\/DSCF8795-2classic-2048x1365.jpg 2048w, https:\/\/schwerhoerige-bamberg.de\/wp-content\/uploads\/2026\/04\/DSCF8795-2classic-150x100.jpg 150w\" sizes=\"auto, (max-width: 407px) 100vw, 407px\" \/><\/p>\n<p>Abgerundet wurde der Festnachmittag durch verschiedene Aussteller (Akustiker, Hersteller von CI-Ger\u00e4ten, Logop\u00e4den, Sozialstiftung, CICERO u.a.), bei denen man sich informieren und beraten lassen konnte.<\/p>\n<p><img loading=\"lazy\" decoding=\"async\" class=\"alignnone size-medium wp-image-1476\" src=\"https:\/\/schwerhoerige-bamberg.de\/wp-content\/uploads\/2026\/04\/DSCF8763-2-1classic-300x200.jpg\" alt=\"\" width=\"300\" height=\"200\" srcset=\"https:\/\/schwerhoerige-bamberg.de\/wp-content\/uploads\/2026\/04\/DSCF8763-2-1classic-300x200.jpg 300w, https:\/\/schwerhoerige-bamberg.de\/wp-content\/uploads\/2026\/04\/DSCF8763-2-1classic-644x429.jpg 644w, https:\/\/schwerhoerige-bamberg.de\/wp-content\/uploads\/2026\/04\/DSCF8763-2-1classic-768x512.jpg 768w, https:\/\/schwerhoerige-bamberg.de\/wp-content\/uploads\/2026\/04\/DSCF8763-2-1classic-1536x1024.jpg 1536w, https:\/\/schwerhoerige-bamberg.de\/wp-content\/uploads\/2026\/04\/DSCF8763-2-1classic-2048x1365.jpg 2048w, https:\/\/schwerhoerige-bamberg.de\/wp-content\/uploads\/2026\/04\/DSCF8763-2-1classic-150x100.jpg 150w\" sizes=\"auto, (max-width: 300px) 100vw, 300px\" \/> <img loading=\"lazy\" decoding=\"async\" class=\"alignnone size-medium wp-image-1480\" src=\"https:\/\/schwerhoerige-bamberg.de\/wp-content\/uploads\/2026\/04\/DSCF8737-2-1classic-300x200.jpg\" alt=\"\" width=\"300\" height=\"200\" srcset=\"https:\/\/schwerhoerige-bamberg.de\/wp-content\/uploads\/2026\/04\/DSCF8737-2-1classic-300x200.jpg 300w, https:\/\/schwerhoerige-bamberg.de\/wp-content\/uploads\/2026\/04\/DSCF8737-2-1classic-644x429.jpg 644w, https:\/\/schwerhoerige-bamberg.de\/wp-content\/uploads\/2026\/04\/DSCF8737-2-1classic-768x512.jpg 768w, https:\/\/schwerhoerige-bamberg.de\/wp-content\/uploads\/2026\/04\/DSCF8737-2-1classic-1536x1024.jpg 1536w, https:\/\/schwerhoerige-bamberg.de\/wp-content\/uploads\/2026\/04\/DSCF8737-2-1classic-2048x1365.jpg 2048w, https:\/\/schwerhoerige-bamberg.de\/wp-content\/uploads\/2026\/04\/DSCF8737-2-1classic-150x100.jpg 150w\" sizes=\"auto, (max-width: 300px) 100vw, 300px\" \/> <img loading=\"lazy\" decoding=\"async\" class=\"alignnone size-medium wp-image-1477\" src=\"https:\/\/schwerhoerige-bamberg.de\/wp-content\/uploads\/2026\/04\/DSCF8762-2-1classic-300x200.jpg\" alt=\"\" width=\"300\" height=\"200\" srcset=\"https:\/\/schwerhoerige-bamberg.de\/wp-content\/uploads\/2026\/04\/DSCF8762-2-1classic-300x200.jpg 300w, https:\/\/schwerhoerige-bamberg.de\/wp-content\/uploads\/2026\/04\/DSCF8762-2-1classic-644x429.jpg 644w, https:\/\/schwerhoerige-bamberg.de\/wp-content\/uploads\/2026\/04\/DSCF8762-2-1classic-768x512.jpg 768w, https:\/\/schwerhoerige-bamberg.de\/wp-content\/uploads\/2026\/04\/DSCF8762-2-1classic-1536x1024.jpg 1536w, https:\/\/schwerhoerige-bamberg.de\/wp-content\/uploads\/2026\/04\/DSCF8762-2-1classic-2048x1365.jpg 2048w, https:\/\/schwerhoerige-bamberg.de\/wp-content\/uploads\/2026\/04\/DSCF8762-2-1classic-150x100.jpg 150w\" sizes=\"auto, (max-width: 300px) 100vw, 300px\" \/> <img loading=\"lazy\" decoding=\"async\" class=\"alignnone size-medium wp-image-1479\" src=\"https:\/\/schwerhoerige-bamberg.de\/wp-content\/uploads\/2026\/04\/DSCF8744-2-1classic-300x200.jpg\" alt=\"\" width=\"300\" height=\"200\" srcset=\"https:\/\/schwerhoerige-bamberg.de\/wp-content\/uploads\/2026\/04\/DSCF8744-2-1classic-300x200.jpg 300w, https:\/\/schwerhoerige-bamberg.de\/wp-content\/uploads\/2026\/04\/DSCF8744-2-1classic-644x429.jpg 644w, https:\/\/schwerhoerige-bamberg.de\/wp-content\/uploads\/2026\/04\/DSCF8744-2-1classic-768x512.jpg 768w, https:\/\/schwerhoerige-bamberg.de\/wp-content\/uploads\/2026\/04\/DSCF8744-2-1classic-1536x1024.jpg 1536w, https:\/\/schwerhoerige-bamberg.de\/wp-content\/uploads\/2026\/04\/DSCF8744-2-1classic-2048x1366.jpg 2048w, https:\/\/schwerhoerige-bamberg.de\/wp-content\/uploads\/2026\/04\/DSCF8744-2-1classic-150x100.jpg 150w\" sizes=\"auto, (max-width: 300px) 100vw, 300px\" \/><\/p>\n<p><img loading=\"lazy\" decoding=\"async\" class=\"alignnone size-medium wp-image-1481\" src=\"https:\/\/schwerhoerige-bamberg.de\/wp-content\/uploads\/2026\/04\/DSCF8735-2-1classic-300x200.jpg\" alt=\"\" width=\"300\" height=\"200\" srcset=\"https:\/\/schwerhoerige-bamberg.de\/wp-content\/uploads\/2026\/04\/DSCF8735-2-1classic-300x200.jpg 300w, https:\/\/schwerhoerige-bamberg.de\/wp-content\/uploads\/2026\/04\/DSCF8735-2-1classic-644x429.jpg 644w, https:\/\/schwerhoerige-bamberg.de\/wp-content\/uploads\/2026\/04\/DSCF8735-2-1classic-768x512.jpg 768w, https:\/\/schwerhoerige-bamberg.de\/wp-content\/uploads\/2026\/04\/DSCF8735-2-1classic-1536x1024.jpg 1536w, https:\/\/schwerhoerige-bamberg.de\/wp-content\/uploads\/2026\/04\/DSCF8735-2-1classic-2048x1365.jpg 2048w, https:\/\/schwerhoerige-bamberg.de\/wp-content\/uploads\/2026\/04\/DSCF8735-2-1classic-150x100.jpg 150w\" sizes=\"auto, (max-width: 300px) 100vw, 300px\" \/> <img loading=\"lazy\" decoding=\"async\" class=\"alignnone size-medium wp-image-1482\" src=\"https:\/\/schwerhoerige-bamberg.de\/wp-content\/uploads\/2026\/04\/DSCF8751-2-1classic-300x200.jpg\" alt=\"\" width=\"300\" height=\"200\" srcset=\"https:\/\/schwerhoerige-bamberg.de\/wp-content\/uploads\/2026\/04\/DSCF8751-2-1classic-300x200.jpg 300w, https:\/\/schwerhoerige-bamberg.de\/wp-content\/uploads\/2026\/04\/DSCF8751-2-1classic-644x429.jpg 644w, https:\/\/schwerhoerige-bamberg.de\/wp-content\/uploads\/2026\/04\/DSCF8751-2-1classic-768x512.jpg 768w, https:\/\/schwerhoerige-bamberg.de\/wp-content\/uploads\/2026\/04\/DSCF8751-2-1classic-1536x1024.jpg 1536w, https:\/\/schwerhoerige-bamberg.de\/wp-content\/uploads\/2026\/04\/DSCF8751-2-1classic-2048x1365.jpg 2048w, https:\/\/schwerhoerige-bamberg.de\/wp-content\/uploads\/2026\/04\/DSCF8751-2-1classic-150x100.jpg 150w\" sizes=\"auto, (max-width: 300px) 100vw, 300px\" \/><\/p>\n<p>Zum Ausklang der Veranstaltung gab es einen Imbiss, der ebenfalls weitere Gelegenheit zum Austausch der G\u00e4ste bot.<\/p>\n<p><img loading=\"lazy\" decoding=\"async\" class=\"alignnone wp-image-1478\" src=\"https:\/\/schwerhoerige-bamberg.de\/wp-content\/uploads\/2026\/04\/DSCF8792-2-1classic-300x169.jpg\" alt=\"\" width=\"256\" height=\"144\" srcset=\"https:\/\/schwerhoerige-bamberg.de\/wp-content\/uploads\/2026\/04\/DSCF8792-2-1classic-300x169.jpg 300w, https:\/\/schwerhoerige-bamberg.de\/wp-content\/uploads\/2026\/04\/DSCF8792-2-1classic-644x362.jpg 644w, https:\/\/schwerhoerige-bamberg.de\/wp-content\/uploads\/2026\/04\/DSCF8792-2-1classic-768x432.jpg 768w, https:\/\/schwerhoerige-bamberg.de\/wp-content\/uploads\/2026\/04\/DSCF8792-2-1classic-1536x864.jpg 1536w, https:\/\/schwerhoerige-bamberg.de\/wp-content\/uploads\/2026\/04\/DSCF8792-2-1classic-2048x1152.jpg 2048w, https:\/\/schwerhoerige-bamberg.de\/wp-content\/uploads\/2026\/04\/DSCF8792-2-1classic-150x84.jpg 150w\" sizes=\"auto, (max-width: 256px) 100vw, 256px\" \/>\u00a0 \u00a0<img loading=\"lazy\" decoding=\"async\" class=\"alignnone wp-image-1459\" src=\"https:\/\/schwerhoerige-bamberg.de\/wp-content\/uploads\/2026\/04\/Kuchenteller-169x300.jpeg\" alt=\"\" width=\"89\" height=\"158\" srcset=\"https:\/\/schwerhoerige-bamberg.de\/wp-content\/uploads\/2026\/04\/Kuchenteller-169x300.jpeg 169w, https:\/\/schwerhoerige-bamberg.de\/wp-content\/uploads\/2026\/04\/Kuchenteller-644x1145.jpeg 644w, https:\/\/schwerhoerige-bamberg.de\/wp-content\/uploads\/2026\/04\/Kuchenteller-768x1365.jpeg 768w, https:\/\/schwerhoerige-bamberg.de\/wp-content\/uploads\/2026\/04\/Kuchenteller-864x1536.jpeg 864w, https:\/\/schwerhoerige-bamberg.de\/wp-content\/uploads\/2026\/04\/Kuchenteller-84x150.jpeg 84w, https:\/\/schwerhoerige-bamberg.de\/wp-content\/uploads\/2026\/04\/Kuchenteller.jpeg 1152w\" sizes=\"auto, (max-width: 89px) 100vw, 89px\" \/> <img loading=\"lazy\" decoding=\"async\" class=\"alignnone size-medium wp-image-1487\" src=\"https:\/\/schwerhoerige-bamberg.de\/wp-content\/uploads\/2026\/04\/Gruppe-Bayreuth-Hof-300x225.jpeg\" alt=\"\" width=\"300\" height=\"225\" srcset=\"https:\/\/schwerhoerige-bamberg.de\/wp-content\/uploads\/2026\/04\/Gruppe-Bayreuth-Hof-300x225.jpeg 300w, https:\/\/schwerhoerige-bamberg.de\/wp-content\/uploads\/2026\/04\/Gruppe-Bayreuth-Hof-644x483.jpeg 644w, https:\/\/schwerhoerige-bamberg.de\/wp-content\/uploads\/2026\/04\/Gruppe-Bayreuth-Hof-768x576.jpeg 768w, https:\/\/schwerhoerige-bamberg.de\/wp-content\/uploads\/2026\/04\/Gruppe-Bayreuth-Hof-1536x1152.jpeg 1536w, https:\/\/schwerhoerige-bamberg.de\/wp-content\/uploads\/2026\/04\/Gruppe-Bayreuth-Hof-150x113.jpeg 150w, https:\/\/schwerhoerige-bamberg.de\/wp-content\/uploads\/2026\/04\/Gruppe-Bayreuth-Hof.jpeg 1600w\" sizes=\"auto, (max-width: 300px) 100vw, 300px\" \/><\/p>\n<p>Ingesamt war es ein gelungener Festnachmittag, bei dem die gro\u00dfen Errungenschaften des OhrRings f\u00fcr Schwerh\u00f6rige und CI-Tr\u00e4ger geb\u00fchrend gefeiert werden konnten.<\/p>\n<p><strong>Johanna Paik<\/strong><\/p>\n","protected":false},"excerpt":{"rendered":"<p>Am Samstag, den 25. April 2026, war es endlich soweit: der OhrRing Bamberg, die Selbsthilfegruppe f\u00fcr Schwerh\u00f6rige und CI-Tr\u00e4ger, feierte sein 20-j\u00e4hriges Bestehen. Mit dabei waren um die 200 G\u00e4ste, die sich dieses Ereignis nicht entgehen lassen wollten. Unter anderem kamen Mitglieder aus anderen regionalen Selbsthilfegruppen z.B. aus Bayreuth, Hof, W\u00fcrzburg, Coburg, Schweinfurt und nat\u00fcrlich etliche Mitglieder der Bamberger Gruppe. Vor dem Festprogramm konnten sich die G\u00e4ste aus nah und fern bei einem reich gedeckten Kuchenbuffet st\u00e4rken und beim Sektempfang miteinander ins Gespr\u00e4ch kommen. \u00a0Die hervorragend schmeckenden Kuchen wurden von Mitgliedern und Freunden des OhrRings gespendet. \u00a0 Zu Beginn der\u2026<\/p>\n<p> <a class=\"continue-reading-link\" href=\"https:\/\/schwerhoerige-bamberg.de\/?p=1451\"><span>weiterlesen &#8230;<\/span><i class=\"crycon-right-dir\"><\/i><\/a> <\/p>\n","protected":false},"author":2,"featured_media":0,"comment_status":"closed","ping_status":"closed","sticky":false,"template":"","format":"standard","meta":{"footnotes":""},"categories":[9,4],"tags":[],"class_list":["post-1451","post","type-post","status-publish","format-standard","hentry","category-berichte","category-veranstaltungen"],"_links":{"self":[{"href":"https:\/\/schwerhoerige-bamberg.de\/index.php?rest_route=\/wp\/v2\/posts\/1451","targetHints":{"allow":["GET"]}}],"collection":[{"href":"https:\/\/schwerhoerige-bamberg.de\/index.php?rest_route=\/wp\/v2\/posts"}],"about":[{"href":"https:\/\/schwerhoerige-bamberg.de\/index.php?rest_route=\/wp\/v2\/types\/post"}],"author":[{"embeddable":true,"href":"https:\/\/schwerhoerige-bamberg.de\/index.php?rest_route=\/wp\/v2\/users\/2"}],"replies":[{"embeddable":true,"href":"https:\/\/schwerhoerige-bamberg.de\/index.php?rest_route=%2Fwp%2Fv2%2Fcomments&post=1451"}],"version-history":[{"count":4,"href":"https:\/\/schwerhoerige-bamberg.de\/index.php?rest_route=\/wp\/v2\/posts\/1451\/revisions"}],"predecessor-version":[{"id":1488,"href":"https:\/\/schwerhoerige-bamberg.de\/index.php?rest_route=\/wp\/v2\/posts\/1451\/revisions\/1488"}],"wp:attachment":[{"href":"https:\/\/schwerhoerige-bamberg.de\/index.php?rest_route=%2Fwp%2Fv2%2Fmedia&parent=1451"}],"wp:term":[{"taxonomy":"category","embeddable":true,"href":"https:\/\/schwerhoerige-bamberg.de\/index.php?rest_route=%2Fwp%2Fv2%2Fcategories&post=1451"},{"taxonomy":"post_tag","embeddable":true,"href":"https:\/\/schwerhoerige-bamberg.de\/index.php?rest_route=%2Fwp%2Fv2%2Ftags&post=1451"}],"curies":[{"name":"wp","href":"https:\/\/api.w.org\/{rel}","templated":true}]}}