{"id":469,"date":"2016-05-12T09:00:48","date_gmt":"2016-05-12T07:00:48","guid":{"rendered":"http:\/\/schwerhoerige-bamberg.de\/?p=469"},"modified":"2016-05-12T11:30:51","modified_gmt":"2016-05-12T09:30:51","slug":"wuensche-und-ansprueche-in-der-gesetzlichen-krankenkasse","status":"publish","type":"post","link":"https:\/\/schwerhoerige-bamberg.de\/?p=469","title":{"rendered":"W\u00fcnsche und Anspr\u00fcche in der Gesetzlichen Krankenkasse"},"content":{"rendered":"<p>Bei unserem montatlichen Gruppentreff am 11. Mai 2016 h\u00f6rten wir einen informativen Vortrag von Rechtsanwalt Andreas Wecks, Fachanwalt f\u00fcr Sozialrecht (N\u00fcrnberg). Unter dem Arbeitstitel &#8222;Die Krankenkasse &#8211; dein Freund und Helfer? Der manchmal steinige Weg von der Antragsstellung bis zur Leistungszusage&#8220; gab uns Herr Wecks einen \u00dcberblick \u00fcber die Gesetzliche Krankenversicherung, \u00fcber Verwaltungsverfahren und Rechtsweg sowie \u00fcber besondere Fristen im Antragsverfahren. Der Referent ging auf unsere aktuellen Probleme (Antragstellung f\u00fcr FM-Anlagen f\u00fcr den privaten Gebrauch sowie Rauchmelder- bzw. Lichtsignalanlagen) ein und ermunterte uns, auch bei einer eventuellen Ablehnung auf dem Rechtsweg weiterzugehen und unser gutes Recht konsequent einzufordern. Im zweiten Teil der Veranstaltung beantwortete Herr Wecks Fragen der Teilnehmer und zeigte mit fachkundigen Tipps den weiterf\u00fchrenden Weg in mehreren aktuellen Verfahren.<\/p>\n<p><img loading=\"lazy\" decoding=\"async\" class=\"alignnone wp-image-470\" src=\"http:\/\/schwerhoerige-bamberg.de\/wp-content\/uploads\/2016\/05\/2016-05-11-002-300x169.jpg\" alt=\"2016-05-11 002\" width=\"330\" height=\"186\" srcset=\"https:\/\/schwerhoerige-bamberg.de\/wp-content\/uploads\/2016\/05\/2016-05-11-002-300x169.jpg 300w, https:\/\/schwerhoerige-bamberg.de\/wp-content\/uploads\/2016\/05\/2016-05-11-002-768x432.jpg 768w, https:\/\/schwerhoerige-bamberg.de\/wp-content\/uploads\/2016\/05\/2016-05-11-002-644x362.jpg 644w, https:\/\/schwerhoerige-bamberg.de\/wp-content\/uploads\/2016\/05\/2016-05-11-002-250x141.jpg 250w, https:\/\/schwerhoerige-bamberg.de\/wp-content\/uploads\/2016\/05\/2016-05-11-002-150x84.jpg 150w\" sizes=\"auto, (max-width: 330px) 100vw, 330px\" \/> <img loading=\"lazy\" decoding=\"async\" class=\"alignnone wp-image-471\" src=\"http:\/\/schwerhoerige-bamberg.de\/wp-content\/uploads\/2016\/05\/2016-05-11-014-300x169.jpg\" alt=\"2016-05-11 014\" width=\"328\" height=\"185\" srcset=\"https:\/\/schwerhoerige-bamberg.de\/wp-content\/uploads\/2016\/05\/2016-05-11-014-300x169.jpg 300w, https:\/\/schwerhoerige-bamberg.de\/wp-content\/uploads\/2016\/05\/2016-05-11-014-768x432.jpg 768w, https:\/\/schwerhoerige-bamberg.de\/wp-content\/uploads\/2016\/05\/2016-05-11-014-644x362.jpg 644w, https:\/\/schwerhoerige-bamberg.de\/wp-content\/uploads\/2016\/05\/2016-05-11-014-250x141.jpg 250w, https:\/\/schwerhoerige-bamberg.de\/wp-content\/uploads\/2016\/05\/2016-05-11-014-150x84.jpg 150w\" sizes=\"auto, (max-width: 328px) 100vw, 328px\" \/><\/p>\n","protected":false},"excerpt":{"rendered":"<p>Bei unserem montatlichen Gruppentreff am 11. Mai 2016 h\u00f6rten wir einen informativen Vortrag von Rechtsanwalt Andreas Wecks, Fachanwalt f\u00fcr Sozialrecht (N\u00fcrnberg). Unter dem Arbeitstitel &#8222;Die Krankenkasse &#8211; dein Freund und Helfer? Der manchmal steinige Weg von der Antragsstellung bis zur Leistungszusage&#8220; gab uns Herr Wecks einen \u00dcberblick \u00fcber die Gesetzliche Krankenversicherung, \u00fcber Verwaltungsverfahren und Rechtsweg sowie \u00fcber besondere Fristen im Antragsverfahren. Der Referent ging auf unsere aktuellen Probleme (Antragstellung f\u00fcr FM-Anlagen f\u00fcr den privaten Gebrauch sowie Rauchmelder- bzw. Lichtsignalanlagen) ein und ermunterte uns, auch bei einer eventuellen Ablehnung auf dem Rechtsweg weiterzugehen und unser gutes Recht konsequent einzufordern. Im zweiten\u2026<\/p>\n<p> <a class=\"continue-reading-link\" href=\"https:\/\/schwerhoerige-bamberg.de\/?p=469\"><span>weiterlesen &#8230;<\/span><i class=\"crycon-right-dir\"><\/i><\/a> <\/p>\n","protected":false},"author":2,"featured_media":0,"comment_status":"closed","ping_status":"closed","sticky":false,"template":"","format":"standard","meta":{"footnotes":""},"categories":[9,18],"tags":[],"class_list":["post-469","post","type-post","status-publish","format-standard","hentry","category-berichte","category-monatliche-gruppentreffs"],"_links":{"self":[{"href":"https:\/\/schwerhoerige-bamberg.de\/index.php?rest_route=\/wp\/v2\/posts\/469","targetHints":{"allow":["GET"]}}],"collection":[{"href":"https:\/\/schwerhoerige-bamberg.de\/index.php?rest_route=\/wp\/v2\/posts"}],"about":[{"href":"https:\/\/schwerhoerige-bamberg.de\/index.php?rest_route=\/wp\/v2\/types\/post"}],"author":[{"embeddable":true,"href":"https:\/\/schwerhoerige-bamberg.de\/index.php?rest_route=\/wp\/v2\/users\/2"}],"replies":[{"embeddable":true,"href":"https:\/\/schwerhoerige-bamberg.de\/index.php?rest_route=%2Fwp%2Fv2%2Fcomments&post=469"}],"version-history":[{"count":3,"href":"https:\/\/schwerhoerige-bamberg.de\/index.php?rest_route=\/wp\/v2\/posts\/469\/revisions"}],"predecessor-version":[{"id":474,"href":"https:\/\/schwerhoerige-bamberg.de\/index.php?rest_route=\/wp\/v2\/posts\/469\/revisions\/474"}],"wp:attachment":[{"href":"https:\/\/schwerhoerige-bamberg.de\/index.php?rest_route=%2Fwp%2Fv2%2Fmedia&parent=469"}],"wp:term":[{"taxonomy":"category","embeddable":true,"href":"https:\/\/schwerhoerige-bamberg.de\/index.php?rest_route=%2Fwp%2Fv2%2Fcategories&post=469"},{"taxonomy":"post_tag","embeddable":true,"href":"https:\/\/schwerhoerige-bamberg.de\/index.php?rest_route=%2Fwp%2Fv2%2Ftags&post=469"}],"curies":[{"name":"wp","href":"https:\/\/api.w.org\/{rel}","templated":true}]}}