{"id":663,"date":"2017-07-31T17:23:14","date_gmt":"2017-07-31T15:23:14","guid":{"rendered":"http:\/\/schwerhoerige-bamberg.de\/?p=663"},"modified":"2025-02-27T13:55:58","modified_gmt":"2025-02-27T12:55:58","slug":"besuch-im-bayerischen-landtag-muenchen","status":"publish","type":"post","link":"https:\/\/schwerhoerige-bamberg.de\/?p=663","title":{"rendered":"Besuch im Bayerischen Landtag, M\u00fcnchen"},"content":{"rendered":"<p>Auf Einladung von Frau Staatsministerin Melanie Huml hatten am 10. Juli 2017\u00a0 17 Teilnehmer unserer Selbsthilfegruppe die Gelegenheit, das Maxilianeum, den Sitz des Bayerischen Landtages zu besichtigen. Alle Erkl\u00e4rungen im Bus und vor Ort in M\u00fcnchen konnten wir klar verstehen, da Reiseleiterin Frau Cornelia Schifferle aus dem Abgeordnetenb\u00fcro Bamberg und Frau Staatsministerin Melanie Huml selbst unser Mikrofon bereitwillig benutzten. Alle Ansprachen, Erkl\u00e4rungen und Hinweise wurden so auch in der gro\u00dfen Besuchergruppe zuverl\u00e4ssig an unsere H\u00f6rger\u00e4te bzw. Cochlea Implantate \u00fcbertragen. Die Tagesfahrt war f\u00fcr alle Teilnehmer ein informativer Tag, an dem wir interessante Einblicke in die Arbeit des bayerischen Landtages und das Wirken unserer Gesundheitsministerin gewinnen konnten.<\/p>\n<p><img loading=\"lazy\" decoding=\"async\" class=\"alignnone size-medium wp-image-664\" src=\"http:\/\/schwerhoerige-bamberg.de\/wp-content\/uploads\/2017\/07\/IMG_7260-296x300.jpg\" alt=\"\" width=\"296\" height=\"300\" srcset=\"https:\/\/schwerhoerige-bamberg.de\/wp-content\/uploads\/2017\/07\/IMG_7260-296x300.jpg 296w, https:\/\/schwerhoerige-bamberg.de\/wp-content\/uploads\/2017\/07\/IMG_7260-768x777.jpg 768w, https:\/\/schwerhoerige-bamberg.de\/wp-content\/uploads\/2017\/07\/IMG_7260-644x652.jpg 644w, https:\/\/schwerhoerige-bamberg.de\/wp-content\/uploads\/2017\/07\/IMG_7260-148x150.jpg 148w\" sizes=\"auto, (max-width: 296px) 100vw, 296px\" \/> <img loading=\"lazy\" decoding=\"async\" class=\"alignnone size-medium wp-image-665\" src=\"http:\/\/schwerhoerige-bamberg.de\/wp-content\/uploads\/2017\/07\/20170710_120224-169x300.jpg\" alt=\"\" width=\"169\" height=\"300\" srcset=\"https:\/\/schwerhoerige-bamberg.de\/wp-content\/uploads\/2017\/07\/20170710_120224-169x300.jpg 169w, https:\/\/schwerhoerige-bamberg.de\/wp-content\/uploads\/2017\/07\/20170710_120224-768x1365.jpg 768w, https:\/\/schwerhoerige-bamberg.de\/wp-content\/uploads\/2017\/07\/20170710_120224-644x1145.jpg 644w, https:\/\/schwerhoerige-bamberg.de\/wp-content\/uploads\/2017\/07\/20170710_120224-84x150.jpg 84w\" sizes=\"auto, (max-width: 169px) 100vw, 169px\" \/>\u00a0 <img loading=\"lazy\" decoding=\"async\" class=\"alignnone size-medium wp-image-667\" src=\"http:\/\/schwerhoerige-bamberg.de\/wp-content\/uploads\/2017\/07\/IMG_7204-300x200.jpg\" alt=\"\" width=\"300\" height=\"200\" srcset=\"https:\/\/schwerhoerige-bamberg.de\/wp-content\/uploads\/2017\/07\/IMG_7204-300x200.jpg 300w, https:\/\/schwerhoerige-bamberg.de\/wp-content\/uploads\/2017\/07\/IMG_7204-768x512.jpg 768w, https:\/\/schwerhoerige-bamberg.de\/wp-content\/uploads\/2017\/07\/IMG_7204-644x429.jpg 644w, https:\/\/schwerhoerige-bamberg.de\/wp-content\/uploads\/2017\/07\/IMG_7204-150x100.jpg 150w\" sizes=\"auto, (max-width: 300px) 100vw, 300px\" \/> <img loading=\"lazy\" decoding=\"async\" class=\"alignnone size-medium wp-image-668\" src=\"http:\/\/schwerhoerige-bamberg.de\/wp-content\/uploads\/2017\/07\/IMG_7199-300x200.jpg\" alt=\"\" width=\"300\" height=\"200\" srcset=\"https:\/\/schwerhoerige-bamberg.de\/wp-content\/uploads\/2017\/07\/IMG_7199-300x200.jpg 300w, https:\/\/schwerhoerige-bamberg.de\/wp-content\/uploads\/2017\/07\/IMG_7199-768x512.jpg 768w, https:\/\/schwerhoerige-bamberg.de\/wp-content\/uploads\/2017\/07\/IMG_7199-644x429.jpg 644w, https:\/\/schwerhoerige-bamberg.de\/wp-content\/uploads\/2017\/07\/IMG_7199-150x100.jpg 150w\" sizes=\"auto, (max-width: 300px) 100vw, 300px\" \/> <img loading=\"lazy\" decoding=\"async\" class=\"alignnone size-medium wp-image-669\" src=\"http:\/\/schwerhoerige-bamberg.de\/wp-content\/uploads\/2017\/07\/IMG_7247-300x171.jpg\" alt=\"\" width=\"300\" height=\"171\" srcset=\"https:\/\/schwerhoerige-bamberg.de\/wp-content\/uploads\/2017\/07\/IMG_7247-300x171.jpg 300w, https:\/\/schwerhoerige-bamberg.de\/wp-content\/uploads\/2017\/07\/IMG_7247-768x438.jpg 768w, https:\/\/schwerhoerige-bamberg.de\/wp-content\/uploads\/2017\/07\/IMG_7247-644x367.jpg 644w, https:\/\/schwerhoerige-bamberg.de\/wp-content\/uploads\/2017\/07\/IMG_7247-150x85.jpg 150w\" sizes=\"auto, (max-width: 300px) 100vw, 300px\" \/><img loading=\"lazy\" decoding=\"async\" class=\"alignnone size-medium wp-image-670\" src=\"http:\/\/schwerhoerige-bamberg.de\/wp-content\/uploads\/2017\/07\/20170710_110842-300x169.jpg\" alt=\"\" width=\"300\" height=\"169\" srcset=\"https:\/\/schwerhoerige-bamberg.de\/wp-content\/uploads\/2017\/07\/20170710_110842-300x169.jpg 300w, https:\/\/schwerhoerige-bamberg.de\/wp-content\/uploads\/2017\/07\/20170710_110842-768x432.jpg 768w, https:\/\/schwerhoerige-bamberg.de\/wp-content\/uploads\/2017\/07\/20170710_110842-644x362.jpg 644w, https:\/\/schwerhoerige-bamberg.de\/wp-content\/uploads\/2017\/07\/20170710_110842-150x84.jpg 150w\" sizes=\"auto, (max-width: 300px) 100vw, 300px\" \/><\/p>\n","protected":false},"excerpt":{"rendered":"<p>Auf Einladung von Frau Staatsministerin Melanie Huml hatten am 10. Juli 2017\u00a0 17 Teilnehmer unserer Selbsthilfegruppe die Gelegenheit, das Maxilianeum, den Sitz des Bayerischen Landtages zu besichtigen. Alle Erkl\u00e4rungen im Bus und vor Ort in M\u00fcnchen konnten wir klar verstehen, da Reiseleiterin Frau Cornelia Schifferle aus dem Abgeordnetenb\u00fcro Bamberg und Frau Staatsministerin Melanie Huml selbst unser Mikrofon bereitwillig benutzten. Alle Ansprachen, Erkl\u00e4rungen und Hinweise wurden so auch in der gro\u00dfen Besuchergruppe zuverl\u00e4ssig an unsere H\u00f6rger\u00e4te bzw. Cochlea Implantate \u00fcbertragen. Die Tagesfahrt war f\u00fcr alle Teilnehmer ein informativer Tag, an dem wir interessante Einblicke in die Arbeit des bayerischen Landtages und\u2026<\/p>\n<p> <a class=\"continue-reading-link\" href=\"https:\/\/schwerhoerige-bamberg.de\/?p=663\"><span>weiterlesen &#8230;<\/span><i class=\"crycon-right-dir\"><\/i><\/a> <\/p>\n","protected":false},"author":2,"featured_media":0,"comment_status":"closed","ping_status":"closed","sticky":false,"template":"","format":"standard","meta":{"footnotes":""},"categories":[9,20],"tags":[],"class_list":["post-663","post","type-post","status-publish","format-standard","hentry","category-berichte","category-fuehrungen-fortbildung-und-frezeit"],"_links":{"self":[{"href":"https:\/\/schwerhoerige-bamberg.de\/index.php?rest_route=\/wp\/v2\/posts\/663","targetHints":{"allow":["GET"]}}],"collection":[{"href":"https:\/\/schwerhoerige-bamberg.de\/index.php?rest_route=\/wp\/v2\/posts"}],"about":[{"href":"https:\/\/schwerhoerige-bamberg.de\/index.php?rest_route=\/wp\/v2\/types\/post"}],"author":[{"embeddable":true,"href":"https:\/\/schwerhoerige-bamberg.de\/index.php?rest_route=\/wp\/v2\/users\/2"}],"replies":[{"embeddable":true,"href":"https:\/\/schwerhoerige-bamberg.de\/index.php?rest_route=%2Fwp%2Fv2%2Fcomments&post=663"}],"version-history":[{"count":5,"href":"https:\/\/schwerhoerige-bamberg.de\/index.php?rest_route=\/wp\/v2\/posts\/663\/revisions"}],"predecessor-version":[{"id":1328,"href":"https:\/\/schwerhoerige-bamberg.de\/index.php?rest_route=\/wp\/v2\/posts\/663\/revisions\/1328"}],"wp:attachment":[{"href":"https:\/\/schwerhoerige-bamberg.de\/index.php?rest_route=%2Fwp%2Fv2%2Fmedia&parent=663"}],"wp:term":[{"taxonomy":"category","embeddable":true,"href":"https:\/\/schwerhoerige-bamberg.de\/index.php?rest_route=%2Fwp%2Fv2%2Fcategories&post=663"},{"taxonomy":"post_tag","embeddable":true,"href":"https:\/\/schwerhoerige-bamberg.de\/index.php?rest_route=%2Fwp%2Fv2%2Ftags&post=663"}],"curies":[{"name":"wp","href":"https:\/\/api.w.org\/{rel}","templated":true}]}}