{"id":7,"date":"2010-01-27T19:37:40","date_gmt":"2010-01-27T18:37:40","guid":{"rendered":"http:\/\/schwerhoerige-bamberg.de\/?p=7"},"modified":"2015-11-03T09:36:37","modified_gmt":"2015-11-03T08:36:37","slug":"vortrag-der-akustikerin-frau-sylvana-pritzke","status":"publish","type":"post","link":"https:\/\/schwerhoerige-bamberg.de\/?p=7","title":{"rendered":"Vortrag der Akustikerin Frau Sylvana Pritzke"},"content":{"rendered":"<h3>12. Dezember 2007:<\/h3>\n<h2>\u201eBesser h\u00f6ren mit Zusatzger\u00e4ten\u201c<\/h2>\n<p>\u201eSie h\u00f6ren keinen Wecker mehr und merken nicht, wenn Besuch an der T\u00fcrglocke l\u00e4utet? Schwerh\u00f6rigkeit kann in jedem Lebensalter auftreten und ist entgegen eines weit verbreiteten Vorurteils keine Alterserscheinung. Es gibt etwa 14 Millionen schwer\u00f6rige Menschen in Deutschland, deren Zahl von Jahr zu Jahr w\u00e4chst. Die technische Entwicklung ber\u00fcchsichtigt die Bed\u00fcrfnisse dieser Kunden und bietet eine Vielfalt von Zusatzger\u00e4ten an, mit deren Hilfe Betroffene besser h\u00f6ren.\u201c (aus dem Bericht des Fr\u00e4nkischen Tages)<\/p>\n<p>&nbsp;<\/p>\n","protected":false},"excerpt":{"rendered":"<p>12. Dezember 2007: \u201eBesser h\u00f6ren mit Zusatzger\u00e4ten\u201c \u201eSie h\u00f6ren keinen Wecker mehr und merken nicht, wenn Besuch an der T\u00fcrglocke l\u00e4utet? Schwerh\u00f6rigkeit kann in jedem Lebensalter auftreten und ist entgegen eines weit verbreiteten Vorurteils keine Alterserscheinung. Es gibt etwa 14 Millionen schwer\u00f6rige Menschen in Deutschland, deren Zahl von Jahr zu Jahr w\u00e4chst. Die technische Entwicklung ber\u00fcchsichtigt die Bed\u00fcrfnisse dieser Kunden und bietet eine Vielfalt von Zusatzger\u00e4ten an, mit deren Hilfe Betroffene besser h\u00f6ren.\u201c (aus dem Bericht des Fr\u00e4nkischen Tages) &nbsp;<\/p>\n<p> <a class=\"continue-reading-link\" href=\"https:\/\/schwerhoerige-bamberg.de\/?p=7\"><span>weiterlesen &#8230;<\/span><i class=\"crycon-right-dir\"><\/i><\/a> <\/p>\n","protected":false},"author":2,"featured_media":0,"comment_status":"open","ping_status":"open","sticky":false,"template":"","format":"standard","meta":{"footnotes":""},"categories":[9,18],"tags":[],"class_list":["post-7","post","type-post","status-publish","format-standard","hentry","category-berichte","category-monatliche-gruppentreffs"],"_links":{"self":[{"href":"https:\/\/schwerhoerige-bamberg.de\/index.php?rest_route=\/wp\/v2\/posts\/7","targetHints":{"allow":["GET"]}}],"collection":[{"href":"https:\/\/schwerhoerige-bamberg.de\/index.php?rest_route=\/wp\/v2\/posts"}],"about":[{"href":"https:\/\/schwerhoerige-bamberg.de\/index.php?rest_route=\/wp\/v2\/types\/post"}],"author":[{"embeddable":true,"href":"https:\/\/schwerhoerige-bamberg.de\/index.php?rest_route=\/wp\/v2\/users\/2"}],"replies":[{"embeddable":true,"href":"https:\/\/schwerhoerige-bamberg.de\/index.php?rest_route=%2Fwp%2Fv2%2Fcomments&post=7"}],"version-history":[{"count":2,"href":"https:\/\/schwerhoerige-bamberg.de\/index.php?rest_route=\/wp\/v2\/posts\/7\/revisions"}],"predecessor-version":[{"id":243,"href":"https:\/\/schwerhoerige-bamberg.de\/index.php?rest_route=\/wp\/v2\/posts\/7\/revisions\/243"}],"wp:attachment":[{"href":"https:\/\/schwerhoerige-bamberg.de\/index.php?rest_route=%2Fwp%2Fv2%2Fmedia&parent=7"}],"wp:term":[{"taxonomy":"category","embeddable":true,"href":"https:\/\/schwerhoerige-bamberg.de\/index.php?rest_route=%2Fwp%2Fv2%2Fcategories&post=7"},{"taxonomy":"post_tag","embeddable":true,"href":"https:\/\/schwerhoerige-bamberg.de\/index.php?rest_route=%2Fwp%2Fv2%2Ftags&post=7"}],"curies":[{"name":"wp","href":"https:\/\/api.w.org\/{rel}","templated":true}]}}