{"id":884,"date":"2018-10-28T14:51:32","date_gmt":"2018-10-28T13:51:32","guid":{"rendered":"http:\/\/schwerhoerige-bamberg.de\/?p=884"},"modified":"2018-11-06T13:37:36","modified_gmt":"2018-11-06T12:37:36","slug":"lust-auf-gesundheit","status":"publish","type":"post","link":"https:\/\/schwerhoerige-bamberg.de\/?p=884","title":{"rendered":"Lust auf Gesundheit"},"content":{"rendered":"<h4 style=\"text-align: center;\"><strong>Das Tagesseminar 2018 stand unter dem Motto <\/strong><\/h4>\n<h4 style=\"text-align: center;\"><strong>&#8222;Lust auf Gesundheit mit traditioneller Medizin und Naturheilkunde&#8220;<\/strong><\/h4>\n<p>&nbsp;<\/p>\n<p>Am 27. Okt. 2018 lauschten interessierte OhrRingler den Ausf\u00fchrungen des Heilpraktikers Harald Becker. Unser Referent ist Leiter der Akademie und Lehrpraxis f\u00fcr heilpraktische Behandlungen in K\u00fcnzell bei Fulda und bildet dort u.a. Heilpraktiker und Feng-Shui Berater aus. Er selbst hat sich in zahlreichen Bereichen altbew\u00e4hrter und moderner Heilverfahren aus- und weitergebildet und verfolgt weiterhin mit feurigem Interesse die aktuellen naturheilkundlichen Ans\u00e4tze unserer Zeit. In seiner Praxis bietet er vielf\u00e4ltige Behandlungsmethoden zum Wohl der Patienten an.<\/p>\n<p>Im Laufe des Tages bekamen wir einen klar strukturierten \u00dcberblick \u00fcber die Grundideen der Hom\u00f6opathie, der Traditionellen Chinesischen Medizin und des klassischen Feng Shui im Wohnbereich. Dankbar nahmen wir die zahlreichen wertvollen praktischen Tipps zur St\u00e4rkung wichtiger Organe und K\u00f6rperfunktionen an und erfuhren, wie wir unser Wohlbefinden steigern und Krankheiten m\u00f6glichst vorbeugen k\u00f6nnen.<\/p>\n<p>Ein reich gedeckter B\u00fcffettisch und ein Teller voll warmer Suppe zu Mittag sorgten f\u00fcr das leibliche Wohl der Teilnehmer.<\/p>\n<p style=\"text-align: center;\">Am Ende des Tages waren wir uns einig:<\/p>\n<p style=\"text-align: center;\">Wer bei dieser lehrreichen Veranstaltung nicht mit dabei war, hat viel vers\u00e4umt!<\/p>\n<p><img loading=\"lazy\" decoding=\"async\" class=\"alignnone wp-image-886\" src=\"http:\/\/schwerhoerige-bamberg.de\/wp-content\/uploads\/2018\/10\/20181027_110502-300x169.jpg\" alt=\"\" width=\"406\" height=\"229\" srcset=\"https:\/\/schwerhoerige-bamberg.de\/wp-content\/uploads\/2018\/10\/20181027_110502-300x169.jpg 300w, https:\/\/schwerhoerige-bamberg.de\/wp-content\/uploads\/2018\/10\/20181027_110502-768x432.jpg 768w, https:\/\/schwerhoerige-bamberg.de\/wp-content\/uploads\/2018\/10\/20181027_110502-644x362.jpg 644w, https:\/\/schwerhoerige-bamberg.de\/wp-content\/uploads\/2018\/10\/20181027_110502-150x84.jpg 150w\" sizes=\"auto, (max-width: 406px) 100vw, 406px\" \/><img loading=\"lazy\" decoding=\"async\" class=\"alignnone wp-image-887\" src=\"http:\/\/schwerhoerige-bamberg.de\/wp-content\/uploads\/2018\/10\/20181027_110441-300x169.jpg\" alt=\"\" width=\"399\" height=\"225\" srcset=\"https:\/\/schwerhoerige-bamberg.de\/wp-content\/uploads\/2018\/10\/20181027_110441-300x169.jpg 300w, https:\/\/schwerhoerige-bamberg.de\/wp-content\/uploads\/2018\/10\/20181027_110441-768x432.jpg 768w, https:\/\/schwerhoerige-bamberg.de\/wp-content\/uploads\/2018\/10\/20181027_110441-644x362.jpg 644w, https:\/\/schwerhoerige-bamberg.de\/wp-content\/uploads\/2018\/10\/20181027_110441-150x84.jpg 150w\" sizes=\"auto, (max-width: 399px) 100vw, 399px\" \/><\/p>\n<p><img loading=\"lazy\" decoding=\"async\" class=\"alignnone wp-image-888\" src=\"http:\/\/schwerhoerige-bamberg.de\/wp-content\/uploads\/2018\/10\/20181027_103909-169x300.jpg\" alt=\"\" width=\"224\" height=\"398\" srcset=\"https:\/\/schwerhoerige-bamberg.de\/wp-content\/uploads\/2018\/10\/20181027_103909-169x300.jpg 169w, https:\/\/schwerhoerige-bamberg.de\/wp-content\/uploads\/2018\/10\/20181027_103909-768x1365.jpg 768w, https:\/\/schwerhoerige-bamberg.de\/wp-content\/uploads\/2018\/10\/20181027_103909-644x1145.jpg 644w, https:\/\/schwerhoerige-bamberg.de\/wp-content\/uploads\/2018\/10\/20181027_103909-84x150.jpg 84w\" sizes=\"auto, (max-width: 224px) 100vw, 224px\" \/>\u00a0\u00a0\u00a0\u00a0\u00a0\u00a0\u00a0\u00a0\u00a0 <img loading=\"lazy\" decoding=\"async\" class=\"alignnone wp-image-889\" src=\"http:\/\/schwerhoerige-bamberg.de\/wp-content\/uploads\/2018\/10\/20181027_124740-300x169.jpg\" alt=\"\" width=\"398\" height=\"224\" srcset=\"https:\/\/schwerhoerige-bamberg.de\/wp-content\/uploads\/2018\/10\/20181027_124740-300x169.jpg 300w, https:\/\/schwerhoerige-bamberg.de\/wp-content\/uploads\/2018\/10\/20181027_124740-768x432.jpg 768w, https:\/\/schwerhoerige-bamberg.de\/wp-content\/uploads\/2018\/10\/20181027_124740-644x362.jpg 644w, https:\/\/schwerhoerige-bamberg.de\/wp-content\/uploads\/2018\/10\/20181027_124740-150x84.jpg 150w\" sizes=\"auto, (max-width: 398px) 100vw, 398px\" \/><\/p>\n<p>&nbsp;<\/p>\n","protected":false},"excerpt":{"rendered":"<p>Das Tagesseminar 2018 stand unter dem Motto &#8222;Lust auf Gesundheit mit traditioneller Medizin und Naturheilkunde&#8220; &nbsp; Am 27. Okt. 2018 lauschten interessierte OhrRingler den Ausf\u00fchrungen des Heilpraktikers Harald Becker. Unser Referent ist Leiter der Akademie und Lehrpraxis f\u00fcr heilpraktische Behandlungen in K\u00fcnzell bei Fulda und bildet dort u.a. Heilpraktiker und Feng-Shui Berater aus. Er selbst hat sich in zahlreichen Bereichen altbew\u00e4hrter und moderner Heilverfahren aus- und weitergebildet und verfolgt weiterhin mit feurigem Interesse die aktuellen naturheilkundlichen Ans\u00e4tze unserer Zeit. In seiner Praxis bietet er vielf\u00e4ltige Behandlungsmethoden zum Wohl der Patienten an. Im Laufe des Tages bekamen wir einen klar strukturierten\u2026<\/p>\n<p> <a class=\"continue-reading-link\" href=\"https:\/\/schwerhoerige-bamberg.de\/?p=884\"><span>weiterlesen &#8230;<\/span><i class=\"crycon-right-dir\"><\/i><\/a> <\/p>\n","protected":false},"author":2,"featured_media":0,"comment_status":"closed","ping_status":"closed","sticky":false,"template":"","format":"standard","meta":{"footnotes":""},"categories":[9,19],"tags":[],"class_list":["post-884","post","type-post","status-publish","format-standard","hentry","category-berichte","category-tagesseminare"],"_links":{"self":[{"href":"https:\/\/schwerhoerige-bamberg.de\/index.php?rest_route=\/wp\/v2\/posts\/884","targetHints":{"allow":["GET"]}}],"collection":[{"href":"https:\/\/schwerhoerige-bamberg.de\/index.php?rest_route=\/wp\/v2\/posts"}],"about":[{"href":"https:\/\/schwerhoerige-bamberg.de\/index.php?rest_route=\/wp\/v2\/types\/post"}],"author":[{"embeddable":true,"href":"https:\/\/schwerhoerige-bamberg.de\/index.php?rest_route=\/wp\/v2\/users\/2"}],"replies":[{"embeddable":true,"href":"https:\/\/schwerhoerige-bamberg.de\/index.php?rest_route=%2Fwp%2Fv2%2Fcomments&post=884"}],"version-history":[{"count":5,"href":"https:\/\/schwerhoerige-bamberg.de\/index.php?rest_route=\/wp\/v2\/posts\/884\/revisions"}],"predecessor-version":[{"id":894,"href":"https:\/\/schwerhoerige-bamberg.de\/index.php?rest_route=\/wp\/v2\/posts\/884\/revisions\/894"}],"wp:attachment":[{"href":"https:\/\/schwerhoerige-bamberg.de\/index.php?rest_route=%2Fwp%2Fv2%2Fmedia&parent=884"}],"wp:term":[{"taxonomy":"category","embeddable":true,"href":"https:\/\/schwerhoerige-bamberg.de\/index.php?rest_route=%2Fwp%2Fv2%2Fcategories&post=884"},{"taxonomy":"post_tag","embeddable":true,"href":"https:\/\/schwerhoerige-bamberg.de\/index.php?rest_route=%2Fwp%2Fv2%2Ftags&post=884"}],"curies":[{"name":"wp","href":"https:\/\/api.w.org\/{rel}","templated":true}]}}