{"id":952,"date":"2019-05-21T17:13:08","date_gmt":"2019-05-21T15:13:08","guid":{"rendered":"http:\/\/schwerhoerige-bamberg.de\/?p=952"},"modified":"2019-08-13T12:17:05","modified_gmt":"2019-08-13T10:17:05","slug":"erneutes-testhoeren-in-der-konzert-und-kongresshalle-bamberg","status":"publish","type":"post","link":"https:\/\/schwerhoerige-bamberg.de\/?p=952","title":{"rendered":"Erneutes Testh\u00f6ren in der Konzert- und Kongresshalle, Bamberg"},"content":{"rendered":"<p>Es ist schon zehn Jahre her, da wir mit gro\u00dfer Freude die induktive H\u00f6ranlage in der Bamberger Konzert- und Kongresshalle testen durften. Vielen h\u00f6rgesch\u00e4digten Besuchern hat die Schwerh\u00f6rigenanlage im vergangenen Jahrzehnt einen st\u00f6rungsfreien H\u00f6rgenuss erm\u00f6glicht. Der Zahn der Zeit nagte allerdings an der Technik. Die Akkus der Empf\u00e4nger waren ersch\u00f6pft, mehrere Halsringschleifen defekt. Bei verschiedenen Veranstaltungen merkten wir, dass die Anlage nicht mehr in Ordnung ist. Es war h\u00f6chste Zeit f\u00fcr eine \u00dcberpr\u00fcfung!<\/p>\n<p>Frau Monika Wastl von der Bamberg Congress + Event GmbH hatte sofort offene Ohren f\u00fcr unser Anliegen. Dank ihrer Vermittlung wurde die Anlage durch die Firma Ja!TEC-Medientechnik fachkundig und kompetent gewartet. In Anwesenheit des Firmeninhabers, Tontechniker Johann Albrecht gingen Vertreter\u00a0 unserer Selbsthilfegruppe OhrRing am 21.5.2019 alle Reihen des Keilberth-Saales ab und konnten sich von der nun wieder hervorragenden Klangqualit\u00e4t sowohl dort als auch im Hegelsaal \u00fcberzeugen.<\/p>\n<p>Herzlichen Dank an Frau Wastl und an Herrn Albrecht f\u00fcr die Wiederherstellung der Barrierefreiheit f\u00fcr h\u00f6rgesch\u00e4digte Besucher der Konzert- und Kongresshalle!<\/p>\n<p><img loading=\"lazy\" decoding=\"async\" class=\"alignnone wp-image-954\" src=\"http:\/\/schwerhoerige-bamberg.de\/wp-content\/uploads\/2019\/05\/20190521_131106-225x300.jpg\" alt=\"\" width=\"286\" height=\"381\" srcset=\"https:\/\/schwerhoerige-bamberg.de\/wp-content\/uploads\/2019\/05\/20190521_131106-225x300.jpg 225w, https:\/\/schwerhoerige-bamberg.de\/wp-content\/uploads\/2019\/05\/20190521_131106-768x1024.jpg 768w, https:\/\/schwerhoerige-bamberg.de\/wp-content\/uploads\/2019\/05\/20190521_131106-644x859.jpg 644w, https:\/\/schwerhoerige-bamberg.de\/wp-content\/uploads\/2019\/05\/20190521_131106-113x150.jpg 113w\" sizes=\"auto, (max-width: 286px) 100vw, 286px\" \/>\u00a0 \u00a0 <img loading=\"lazy\" decoding=\"async\" class=\"alignnone wp-image-953\" src=\"http:\/\/schwerhoerige-bamberg.de\/wp-content\/uploads\/2019\/05\/20190521_130953-225x300.jpg\" alt=\"\" width=\"284\" height=\"379\" srcset=\"https:\/\/schwerhoerige-bamberg.de\/wp-content\/uploads\/2019\/05\/20190521_130953-225x300.jpg 225w, https:\/\/schwerhoerige-bamberg.de\/wp-content\/uploads\/2019\/05\/20190521_130953-768x1024.jpg 768w, https:\/\/schwerhoerige-bamberg.de\/wp-content\/uploads\/2019\/05\/20190521_130953-644x859.jpg 644w, https:\/\/schwerhoerige-bamberg.de\/wp-content\/uploads\/2019\/05\/20190521_130953-113x150.jpg 113w\" sizes=\"auto, (max-width: 284px) 100vw, 284px\" \/><\/p>\n","protected":false},"excerpt":{"rendered":"<p>Es ist schon zehn Jahre her, da wir mit gro\u00dfer Freude die induktive H\u00f6ranlage in der Bamberger Konzert- und Kongresshalle testen durften. Vielen h\u00f6rgesch\u00e4digten Besuchern hat die Schwerh\u00f6rigenanlage im vergangenen Jahrzehnt einen st\u00f6rungsfreien H\u00f6rgenuss erm\u00f6glicht. Der Zahn der Zeit nagte allerdings an der Technik. Die Akkus der Empf\u00e4nger waren ersch\u00f6pft, mehrere Halsringschleifen defekt. Bei verschiedenen Veranstaltungen merkten wir, dass die Anlage nicht mehr in Ordnung ist. Es war h\u00f6chste Zeit f\u00fcr eine \u00dcberpr\u00fcfung! Frau Monika Wastl von der Bamberg Congress + Event GmbH hatte sofort offene Ohren f\u00fcr unser Anliegen. Dank ihrer Vermittlung wurde die Anlage durch die Firma Ja!TEC-Medientechnik\u2026<\/p>\n<p> <a class=\"continue-reading-link\" href=\"https:\/\/schwerhoerige-bamberg.de\/?p=952\"><span>weiterlesen &#8230;<\/span><i class=\"crycon-right-dir\"><\/i><\/a> <\/p>\n","protected":false},"author":2,"featured_media":0,"comment_status":"closed","ping_status":"closed","sticky":false,"template":"","format":"standard","meta":{"footnotes":""},"categories":[9,24,22],"tags":[],"class_list":["post-952","post","type-post","status-publish","format-standard","hentry","category-berichte","category-induktive-hoeranlagen","category-oeffentlichkeitsarbeit"],"_links":{"self":[{"href":"https:\/\/schwerhoerige-bamberg.de\/index.php?rest_route=\/wp\/v2\/posts\/952","targetHints":{"allow":["GET"]}}],"collection":[{"href":"https:\/\/schwerhoerige-bamberg.de\/index.php?rest_route=\/wp\/v2\/posts"}],"about":[{"href":"https:\/\/schwerhoerige-bamberg.de\/index.php?rest_route=\/wp\/v2\/types\/post"}],"author":[{"embeddable":true,"href":"https:\/\/schwerhoerige-bamberg.de\/index.php?rest_route=\/wp\/v2\/users\/2"}],"replies":[{"embeddable":true,"href":"https:\/\/schwerhoerige-bamberg.de\/index.php?rest_route=%2Fwp%2Fv2%2Fcomments&post=952"}],"version-history":[{"count":2,"href":"https:\/\/schwerhoerige-bamberg.de\/index.php?rest_route=\/wp\/v2\/posts\/952\/revisions"}],"predecessor-version":[{"id":956,"href":"https:\/\/schwerhoerige-bamberg.de\/index.php?rest_route=\/wp\/v2\/posts\/952\/revisions\/956"}],"wp:attachment":[{"href":"https:\/\/schwerhoerige-bamberg.de\/index.php?rest_route=%2Fwp%2Fv2%2Fmedia&parent=952"}],"wp:term":[{"taxonomy":"category","embeddable":true,"href":"https:\/\/schwerhoerige-bamberg.de\/index.php?rest_route=%2Fwp%2Fv2%2Fcategories&post=952"},{"taxonomy":"post_tag","embeddable":true,"href":"https:\/\/schwerhoerige-bamberg.de\/index.php?rest_route=%2Fwp%2Fv2%2Ftags&post=952"}],"curies":[{"name":"wp","href":"https:\/\/api.w.org\/{rel}","templated":true}]}}